{"id":419,"date":"2015-08-04T14:37:00","date_gmt":"2015-08-04T14:37:00","guid":{"rendered":"https:\/\/blogs.correiobraziliense.com.br\/servidor\/amagis-df_repudia_acusacoes_contra_magistrados\/"},"modified":"2015-08-04T14:37:00","modified_gmt":"2015-08-04T14:37:00","slug":"amagis-df_repudia_acusacoes_contra_magistrados","status":"publish","type":"post","link":"https:\/\/blogs.correiobraziliense.com.br\/servidor\/amagis-df_repudia_acusacoes_contra_magistrados\/","title":{"rendered":"AMAGIS-DF REPUDIA ACUSA\u00c7\u00d5ES CONTRA MAGISTRADOS"},"content":{"rendered":"<p>Ap\u00f3s sess\u00e3o do Pleno do Tribunal de Justi\u00e7a do Distrito Federal e dos Territ\u00f3rios, rna \u00faltima sexta-feira, 31 de julho, a Associa\u00e7\u00e3o dos Magistrados do DF (Amagis-DF) foi a p\u00fablico, em seu portal na internet, repudiar acusa\u00e7\u00f5es levadas ao Conselho Nacional de Justi\u00e7a, sugerindo que ju\u00edzes e presidentes de tribunais estariam negando atendimento essencial da Justi\u00e7a por ocasi\u00e3o da greve dos servidores do Judici\u00e1rio. <\/p>\n<p>A decis\u00e3o tomada pela ministra Nancy Andrighi, divulgada pelo CNJ, no dia 29 de julho, foi um dos pontos de debate na Sess\u00e3o. No documento divulgado, o CNJ determinava aos Tribunais imediata regulariza\u00e7\u00e3o dos servi\u00e7os da Justi\u00e7a, ap\u00f3s informa\u00e7\u00f5es, at\u00e9 ent\u00e3o n\u00e3o confirmadas, sobre paraliza\u00e7\u00e3o do atendimento em varas &#8211; o que segundo o pr\u00f3prio Tribunal n\u00e3o ocorreu. <\/p>\n<p>Presente na sess\u00e3o, o presidente Amagis-DF, desembargador Sebasti\u00e3o Coelho da Silva foi incisivo acerca dessas acusa\u00e7\u00f5es. \u201cQue a verdade seja dita. Nenhum magistrado do DF est\u00e1 em greve. Ao contr\u00e1rio. Temos colegas fazendo preg\u00e3o em audi\u00eancias, suprindo a falta daqueles que, legitimamente, est\u00e3o exercendo seu direito constitucional de greve\u201d, ressaltou. <\/p>\n<p>Veja a NOTA DE REP\u00daDIO da associa\u00e7\u00e3o, na \u00edntegra: <\/p>\n<p>&#8220;AMAGIS-DF RESTAURA A VERDADE DOS FATOS E EXIGE RESPEITO AO PODER JUDICI\u00c1RIO <\/p>\n<p>Ap\u00f3s explica\u00e7\u00f5es da administra\u00e7\u00e3o do TJDFT, em sess\u00e3o do Plen\u00e1rio, do \u00faltimo dia 31, a diretoria da Amagis-DF vem a p\u00fablico REPUDIAR DE&nbsp; FORMA VEEMENTE condutas consistentes em narrativas de fatos imprecisos e incorretos perante o CNJ, com o objetivo de atingir a honra e a reputa\u00e7\u00e3o de magistrados. <\/p>\n<p>A Amagis-DF registra&nbsp; que todos os ju\u00edzes est\u00e3o trabalhando incessantemente, muitas vezes com sacrif\u00edcio pessoal, para garantir a regular presta\u00e7\u00e3o jurisdicional durante a greve dos servidores da Justi\u00e7a. Ressalta a justa indigna\u00e7\u00e3o da Magistratura, diante das not\u00edcias infundadas sobre descumprimento do dever de atendimento em cart\u00f3rios de varas do TJDFT. <\/p>\n<p>Destaca que n\u00e3o poupar\u00e1 esfor\u00e7os na consecu\u00e7\u00e3o de seus objetivos institucionais, com a defesa dos direitos dos cidad\u00e3os e da dignidade do Poder Judici\u00e1rio e de seus membros. Se necess\u00e1rio, exigir\u00e1 em ju\u00edzo ou por interm\u00e9dio de vias administrativas, respeito \u00e0s institui\u00e7\u00f5es democr\u00e1ticas e a repara\u00e7\u00e3o de eventuais danos.&#8221; <\/p>\n<p>Desembargador SEBASTI\u00c3O COELHOPresidente da Associa\u00e7\u00e3o dos Magistrados do Distrito Federal e dos Territ\u00f3rios &#8211; AMAGIS\/DF. <\/p>\n<p><i>Bras\u00edlia, 14h37min<\/i>   <\/p>\n","protected":false},"excerpt":{"rendered":"<p>Ap\u00f3s sess\u00e3o do Pleno do Tribunal de Justi\u00e7a do Distrito Federal e dos Territ\u00f3rios, rna \u00faltima sexta-feira, 31 de julho, a Associa\u00e7\u00e3o dos Magistrados do DF (Amagis-DF) foi a p\u00fablico, em seu portal na internet, repudiar acusa\u00e7\u00f5es levadas ao Conselho Nacional de Justi\u00e7a, sugerindo que ju\u00edzes e presidentes de tribunais estariam negando atendimento essencial da Justi\u00e7a por ocasi\u00e3o da greve [&hellip;]<\/p>\n","protected":false},"author":27,"featured_media":0,"comment_status":"open","ping_status":"open","sticky":false,"template":"","format":"standard","meta":{"footnotes":""},"categories":[1],"tags":[],"class_list":["post-419","post","type-post","status-publish","format-standard","hentry","category-sem-categoria"],"_links":{"self":[{"href":"https:\/\/blogs.correiobraziliense.com.br\/servidor\/wp-json\/wp\/v2\/posts\/419","targetHints":{"allow":["GET"]}}],"collection":[{"href":"https:\/\/blogs.correiobraziliense.com.br\/servidor\/wp-json\/wp\/v2\/posts"}],"about":[{"href":"https:\/\/blogs.correiobraziliense.com.br\/servidor\/wp-json\/wp\/v2\/types\/post"}],"author":[{"embeddable":true,"href":"https:\/\/blogs.correiobraziliense.com.br\/servidor\/wp-json\/wp\/v2\/users\/27"}],"replies":[{"embeddable":true,"href":"https:\/\/blogs.correiobraziliense.com.br\/servidor\/wp-json\/wp\/v2\/comments?post=419"}],"version-history":[{"count":0,"href":"https:\/\/blogs.correiobraziliense.com.br\/servidor\/wp-json\/wp\/v2\/posts\/419\/revisions"}],"wp:attachment":[{"href":"https:\/\/blogs.correiobraziliense.com.br\/servidor\/wp-json\/wp\/v2\/media?parent=419"}],"wp:term":[{"taxonomy":"category","embeddable":true,"href":"https:\/\/blogs.correiobraziliense.com.br\/servidor\/wp-json\/wp\/v2\/categories?post=419"},{"taxonomy":"post_tag","embeddable":true,"href":"https:\/\/blogs.correiobraziliense.com.br\/servidor\/wp-json\/wp\/v2\/tags?post=419"}],"curies":[{"name":"wp","href":"https:\/\/api.w.org\/{rel}","templated":true}]}}