{"id":4182,"date":"2017-02-01T15:42:35","date_gmt":"2017-02-01T17:42:35","guid":{"rendered":"https:\/\/blogs.correiobraziliense.com.br\/servidor\/?p=4182"},"modified":"2017-02-01T15:42:35","modified_gmt":"2017-02-01T17:42:35","slug":"cofecon-discute-reforma-da-previdencia","status":"publish","type":"post","link":"https:\/\/blogs.correiobraziliense.com.br\/servidor\/cofecon-discute-reforma-da-previdencia\/","title":{"rendered":"Cofecon discute reforma da Previd\u00eancia"},"content":{"rendered":"<p>O Conselho Federal de Economia (Cofecon) realizar\u00e1, nesta sexta-feira (03\/02), debate com os economistas Arnaldo Lima (Minist\u00e9rio do Planejamento) e Denise Gentil (UFRJ) sobre o tema \u201cReforma da Previd\u00eancia Social\u201d. O evento ocorrer\u00e1 na sede da autarquia, em Bras\u00edlia, das 9h \u00e0s 12h. Os palestrantes e o presidente do Cofecon, J\u00falio Miragaya, atender\u00e3o a imprensa em seguida, das 12h \u00e0s 12h30.<\/p>\n<p>\u00c0s 15h, o Cofecon divulgar\u00e1 eletronicamente uma nota institucional sobre o assunto, como desdobramento do debate. Em seguida, o presidente do Cofecon e o coordenador da Comiss\u00e3o de Pol\u00edtica Econ\u00f4mica da autarquia, R\u00f3ridan Duarte, estar\u00e3o dispon\u00edveis para entrevistas.<\/p>\n<p><strong>Debate \u2013 Reforma da Previd\u00eancia Social<\/strong><\/p>\n<p>Data: 03\/02\/2017 (sexta-feira)<\/p>\n<p>Hor\u00e1rio: 9h \u00e0s 12h<\/p>\n<p>Local: Sede do Cofecon \u2013 Setor Comercial Sul, Quadra 02, Bloco B, sala 1201. Edif\u00edcio Pal\u00e1cio do Com\u00e9rcio.<\/p>\n","protected":false},"excerpt":{"rendered":"<p>O Conselho Federal de Economia (Cofecon) realizar\u00e1, nesta sexta-feira (03\/02), debate com os economistas Arnaldo Lima (Minist\u00e9rio do Planejamento) e Denise Gentil (UFRJ) sobre o tema \u201cReforma da Previd\u00eancia Social\u201d. O evento ocorrer\u00e1 na sede da autarquia, em Bras\u00edlia, das 9h \u00e0s 12h. Os palestrantes e o presidente do Cofecon, J\u00falio Miragaya, atender\u00e3o a imprensa em seguida, das 12h \u00e0s [&hellip;]<\/p>\n","protected":false},"author":27,"featured_media":0,"comment_status":"open","ping_status":"closed","sticky":false,"template":"","format":"standard","meta":{"footnotes":""},"categories":[2719],"tags":[4714,193,141,549,711,3734],"class_list":["post-4182","post","type-post","status-publish","format-standard","hentry","category-servidor","tag-cofecon","tag-discute","tag-ministerio-do-planejamento","tag-previdencia","tag-reforma","tag-ufrj"],"_links":{"self":[{"href":"https:\/\/blogs.correiobraziliense.com.br\/servidor\/wp-json\/wp\/v2\/posts\/4182","targetHints":{"allow":["GET"]}}],"collection":[{"href":"https:\/\/blogs.correiobraziliense.com.br\/servidor\/wp-json\/wp\/v2\/posts"}],"about":[{"href":"https:\/\/blogs.correiobraziliense.com.br\/servidor\/wp-json\/wp\/v2\/types\/post"}],"author":[{"embeddable":true,"href":"https:\/\/blogs.correiobraziliense.com.br\/servidor\/wp-json\/wp\/v2\/users\/27"}],"replies":[{"embeddable":true,"href":"https:\/\/blogs.correiobraziliense.com.br\/servidor\/wp-json\/wp\/v2\/comments?post=4182"}],"version-history":[{"count":1,"href":"https:\/\/blogs.correiobraziliense.com.br\/servidor\/wp-json\/wp\/v2\/posts\/4182\/revisions"}],"predecessor-version":[{"id":4183,"href":"https:\/\/blogs.correiobraziliense.com.br\/servidor\/wp-json\/wp\/v2\/posts\/4182\/revisions\/4183"}],"wp:attachment":[{"href":"https:\/\/blogs.correiobraziliense.com.br\/servidor\/wp-json\/wp\/v2\/media?parent=4182"}],"wp:term":[{"taxonomy":"category","embeddable":true,"href":"https:\/\/blogs.correiobraziliense.com.br\/servidor\/wp-json\/wp\/v2\/categories?post=4182"},{"taxonomy":"post_tag","embeddable":true,"href":"https:\/\/blogs.correiobraziliense.com.br\/servidor\/wp-json\/wp\/v2\/tags?post=4182"}],"curies":[{"name":"wp","href":"https:\/\/api.w.org\/{rel}","templated":true}]}}