{"id":4176,"date":"2017-01-31T15:54:20","date_gmt":"2017-01-31T17:54:20","guid":{"rendered":"https:\/\/blogs.correiobraziliense.com.br\/servidor\/?p=4176"},"modified":"2017-01-31T15:54:20","modified_gmt":"2017-01-31T17:54:20","slug":"deputados-elegem-nova-mesa-diretora-da-camara-nesta-quinta-2","status":"publish","type":"post","link":"https:\/\/blogs.correiobraziliense.com.br\/servidor\/deputados-elegem-nova-mesa-diretora-da-camara-nesta-quinta-2\/","title":{"rendered":"Deputados elegem nova Mesa Diretora da C\u00e2mara nesta quinta (2)"},"content":{"rendered":"<p><i>Prazo para registro das candidaturas termina \u00e0s 23h de quarta (1). No mesmo dia, l\u00edderes dos partidos e blocos parlamentares fazem a divis\u00e3o dos 11 cargos em disputa<\/i><\/p>\n<p>A Mesa Diretora que assumir\u00e1 o comando dos trabalhos legislativos e dos servi\u00e7os administrativos da C\u00e2mara dos Deputados pelos pr\u00f3ximos dois anos ser\u00e1 eleita nesta quinta-feira (2), em sess\u00e3o \u00e0s 9 horas, no Plen\u00e1rio Ulysses Guimar\u00e3es. Os candidatos aos 11 cargos em disputa ser\u00e3o conhecidos amanh\u00e3 (1\u00ba), quando termina o prazo para registro das candidaturas \u2013 \u00e0s 23h.<u><\/u><u><\/u><\/p>\n<p>Tamb\u00e9m nesta quarta, \u00e0s 12h, encerra-se o prazo para que os partidos pol\u00edticos formem blocos parlamentares. Essa defini\u00e7\u00e3o \u00e9 essencial para a divis\u00e3o dos cargos da Mesa, a ser realizada pelos l\u00edderes partid\u00e1rios e dos blocos, em reuni\u00e3o \u00e0s 15h.<u><\/u><u><\/u><\/p>\n<p>Al\u00e9m da Presid\u00eancia da C\u00e2mara, outros dez cargos estar\u00e3o em disputa: duas vice-presid\u00eancias, quatro secretarias e quatro supl\u00eancias de secretaria. Conjuntamente, a Mesa Diretora decide sobre assuntos internos da Casa, al\u00e9m de promulgar emendas constitucionais junto com a Mesa do Senado. Cada integrante da Mesa tem tamb\u00e9m atribui\u00e7\u00f5es espec\u00edficas, relacionadas aos trabalhos legislativos e aos servi\u00e7os administrativos da C\u00e2mara (<a title=\"\" href=\"http:\/\/www2.camara.leg.br\/a-camara\/mesa\" target=\"_blank\">http:\/\/www2.camara.leg.br\/a-camara\/mesa<\/a>).<u><\/u><u><\/u><\/p>\n<p><b>Elei\u00e7\u00e3o<\/b><u><\/u><u><\/u><\/p>\n<p>A elei\u00e7\u00e3o segue o crit\u00e9rio da proporcionalidade partid\u00e1ria, pelo qual os partidos ou blocos, do maior para o menor, escolhem os cargos que pretendem ocupar. Para cada um dos cargos disputados, pode haver candidaturas avulsas, mas apenas para a Presid\u00eancia \u00e9 poss\u00edvel que o candidato seja de partido ou bloco diferente daquele ao qual cabe a vaga.<u><\/u><u><\/u><\/p>\n<p>A sess\u00e3o para elei\u00e7\u00e3o da Mesa \u00e9 aberta com 51 deputados presentes na Casa. Quando 257 deputados tiverem registrado presen\u00e7a em Plen\u00e1rio, pode ser iniciada a Ordem do Dia, na qual acontece a vota\u00e7\u00e3o. \u00c9 uma tradi\u00e7\u00e3o que essa fase da sess\u00e3o comece com discursos dos candidatos \u00e0 Presid\u00eancia. O tempo concedido a cada um ser\u00e1 determinado na reuni\u00e3o de l\u00edderes.<u><\/u><u><\/u><\/p>\n<p>A vota\u00e7\u00e3o \u00e9 secreta, realizada pelo sistema eletr\u00f4nico. Haver\u00e1 14 cabines de vota\u00e7\u00e3o no Plen\u00e1rio. O deputado registra os votos para todos os cargos de uma s\u00f3 vez. A ordem dos candidatos na urna eletr\u00f4nica, seguida tamb\u00e9m nos discursos, ser\u00e1 sorteada imediatamente ap\u00f3s o encerramento do registro das candidaturas. \u00a0<u><\/u><u><\/u><\/p>\n<p>Para ser eleito em primeiro turno, o candidato precisa obter maioria absoluta de votos. Caso n\u00e3o consiga, os dois candidatos mais votados disputar\u00e3o o segundo turno, quando basta alcan\u00e7ar maioria simples, desde que presente a maioria absoluta dos deputados.<u><\/u><u><\/u><\/p>\n<p>Primeiramente, s\u00e3o apurados os votos para presidente. Somente ap\u00f3s o resultado \u2013 mesmo que em segundo turno \u2013, apuram-se os votos para os demais cargos da Mesa, j\u00e1 sob o comando do presidente eleito. O n\u00famero de votos obtidos por cada candidato \u00e9 exibido de imediato no painel eletr\u00f4nico.<u><\/u><u><\/u><\/p>\n<p><b>Abertura do Ano Legislativo<\/b><u><\/u><u><\/u><\/p>\n<p>Ainda na quinta-feira (2), \u00e0s 16h, haver\u00e1 sess\u00e3o do Congresso Nacional, no Plen\u00e1rio da C\u00e2mara, para abertura da pr\u00f3xima sess\u00e3o legislativa. A inaugura\u00e7\u00e3o dos trabalhos prev\u00ea a leitura de mensagem do Poder Executivo ao Legislativo. A presen\u00e7a do presidente Michel Temer n\u00e3o est\u00e1 confirmada. Caso participe da sess\u00e3o, a mensagem ser\u00e1 lida por ele, mas pode tamb\u00e9m ser enviada por meio do ministro-chefe da Casa Civil, Eliseu Padilha. Nessa hip\u00f3tese, quem faz a leitura \u00e9 o primeiro-secret\u00e1rio da Mesa do Congresso, que \u00e9 o primeiro-secret\u00e1rio da C\u00e2mara, a ser eleito no mesmo dia.<u><\/u><u><\/u><\/p>\n<p>A presidente do Supremo Tribunal Federal (STF), ministra C\u00e1rmen L\u00facia, tamb\u00e9m far\u00e1 uso da palavra. A sess\u00e3o solene ser\u00e1 encerrada com o discurso do presidente do Congresso e do Senado, eleito no dia anterior.<u><\/u><u><\/u><\/p>\n<p>Antes da sess\u00e3o, haver\u00e1 uma cerim\u00f4nia externa de recep\u00e7\u00e3o das autoridades dos Tr\u00eas Poderes, com in\u00edcio previsto para as 15h40.<u><\/u><u><\/u><\/p>\n<p><b>Circula\u00e7\u00e3o na C\u00e2mara<\/b><u><\/u><u><\/u><\/p>\n<p>Na quinta-feira, durante a sess\u00e3o de elei\u00e7\u00e3o da Mesa Diretora da C\u00e2mara, o acesso ao Sal\u00e3o Verde e ao Plen\u00e1rio ser\u00e1 restrito a parlamentares, servidores autorizados e jornalistas credenciados. Apenas parlamentares e servidores poder\u00e3o desembarcar na Chapelaria do Congresso. Os jornalistas dever\u00e3o se dirigir \u00e0s entradas dos anexos.<u><\/u><u><\/u><\/p>\n<p>Os visitantes ter\u00e3o acesso somente aos anexos III e IV. A entrada ser\u00e1 feita pelas portarias desses pr\u00e9dios.<u><\/u><u><\/u><\/p>\n<p>A partir do primeiro minuto de quinta-feira, n\u00e3o ser\u00e1 permitido o estacionamento de ve\u00edculos nas vias de chegada e sa\u00edda da Chapelaria, conhecidas como H.<u><\/u><u><\/u><\/p>\n<p>\u00c0s 14h, passam a vigorar novas regras de acesso ao Congresso Nacional, devido \u00e0 sess\u00e3o de abertura dos trabalhos legislativos. As informa\u00e7\u00f5es devem ser obtidas junto ao Senado Federal.<u><\/u><u><\/u><\/p>\n<p>A visita\u00e7\u00e3o institucional ao Congresso est\u00e1 suspensa e ser\u00e1 retomada no dia 3, apenas com agendamento (<a href=\"http:\/\/www2.congressonacional.leg.br\/visite\" target=\"_blank\">http:\/\/www2.congressonacional.leg.br\/visite<\/a>).<\/p>\n","protected":false},"excerpt":{"rendered":"<p>Prazo para registro das candidaturas termina \u00e0s 23h de quarta (1). No mesmo dia, l\u00edderes dos partidos e blocos parlamentares fazem a divis\u00e3o dos 11 cargos em disputa A Mesa Diretora que assumir\u00e1 o comando dos trabalhos legislativos e dos servi\u00e7os administrativos da C\u00e2mara dos Deputados pelos pr\u00f3ximos dois anos ser\u00e1 eleita nesta quinta-feira (2), em sess\u00e3o \u00e0s 9 horas, [&hellip;]<\/p>\n","protected":false},"author":27,"featured_media":0,"comment_status":"open","ping_status":"closed","sticky":false,"template":"","format":"standard","meta":{"footnotes":""},"categories":[2719],"tags":[61,1531,4910,791,1298,4909,4564,1961,3619,4911,2776,2625],"class_list":["post-4176","post","type-post","status-publish","format-standard","hentry","category-servidor","tag-camara","tag-camara-dos-deputados","tag-candidaturas","tag-cargos","tag-deputados","tag-diretora","tag-elegem","tag-lideres","tag-mesa","tag-partidarios","tag-plenario","tag-registro"],"_links":{"self":[{"href":"https:\/\/blogs.correiobraziliense.com.br\/servidor\/wp-json\/wp\/v2\/posts\/4176","targetHints":{"allow":["GET"]}}],"collection":[{"href":"https:\/\/blogs.correiobraziliense.com.br\/servidor\/wp-json\/wp\/v2\/posts"}],"about":[{"href":"https:\/\/blogs.correiobraziliense.com.br\/servidor\/wp-json\/wp\/v2\/types\/post"}],"author":[{"embeddable":true,"href":"https:\/\/blogs.correiobraziliense.com.br\/servidor\/wp-json\/wp\/v2\/users\/27"}],"replies":[{"embeddable":true,"href":"https:\/\/blogs.correiobraziliense.com.br\/servidor\/wp-json\/wp\/v2\/comments?post=4176"}],"version-history":[{"count":1,"href":"https:\/\/blogs.correiobraziliense.com.br\/servidor\/wp-json\/wp\/v2\/posts\/4176\/revisions"}],"predecessor-version":[{"id":4177,"href":"https:\/\/blogs.correiobraziliense.com.br\/servidor\/wp-json\/wp\/v2\/posts\/4176\/revisions\/4177"}],"wp:attachment":[{"href":"https:\/\/blogs.correiobraziliense.com.br\/servidor\/wp-json\/wp\/v2\/media?parent=4176"}],"wp:term":[{"taxonomy":"category","embeddable":true,"href":"https:\/\/blogs.correiobraziliense.com.br\/servidor\/wp-json\/wp\/v2\/categories?post=4176"},{"taxonomy":"post_tag","embeddable":true,"href":"https:\/\/blogs.correiobraziliense.com.br\/servidor\/wp-json\/wp\/v2\/tags?post=4176"}],"curies":[{"name":"wp","href":"https:\/\/api.w.org\/{rel}","templated":true}]}}