{"id":4159,"date":"2017-01-30T10:57:03","date_gmt":"2017-01-30T12:57:03","guid":{"rendered":"https:\/\/blogs.correiobraziliense.com.br\/servidor\/?p=4159"},"modified":"2017-01-30T10:57:03","modified_gmt":"2017-01-30T12:57:03","slug":"ministerio-do-planejamento-encontro-nacional-da-spu-define-estrategias-para-2017","status":"publish","type":"post","link":"https:\/\/blogs.correiobraziliense.com.br\/servidor\/ministerio-do-planejamento-encontro-nacional-da-spu-define-estrategias-para-2017\/","title":{"rendered":"Minist\u00e9rio do Planejamento &#8211; Encontro nacional da SPU define estrat\u00e9gias para 2017"},"content":{"rendered":"<p><strong><\/strong>A Secretaria do Patrim\u00f4nio da Uni\u00e3o (SPU), do Minist\u00e9rio do Planejamento, Desenvolvimento e Gest\u00e3o, informa que come\u00e7a nesta segunda-feira (30) a defini\u00e7\u00e3o dos objetivos estrat\u00e9gicos para o per\u00edodo de 2017 e 2018. De hoje at\u00e9 sexta-feira, servidores e superintendentes dos 26 estados e do Distrito Federal estar\u00e3o reunidos no \u201cXIX Encontro de Gest\u00e3o do Patrim\u00f4nio da Uni\u00e3o\u201d, na sede da Escola de Administra\u00e7\u00e3o Fazend\u00e1ria (Esaf) em Bras\u00edlia. A abertura, \u00e0s 14h30, contar\u00e1 com a presen\u00e7a do ministro do Planejamento, Dyogo Oliveira.<\/p>\n<p>O encontro marca um novo ciclo de gest\u00e3o na SPU e servir\u00e1 para realinhar, com todas as superintend\u00eancias, as diretrizes, os desafios e as metas da secretaria para este ano, destaca o Planejamento. Entre\u00a0os principais eixos da gest\u00e3o est\u00e3o a amplia\u00e7\u00e3o e a moderniza\u00e7\u00e3o da base cadastral. Isso garantir\u00e1 um maior controle na fiscaliza\u00e7\u00e3o, no uso e na destina\u00e7\u00e3o dos terrenos e dos im\u00f3veis da Uni\u00e3o. \u201cVamos ter um monitoramento maior das a\u00e7\u00f5es da SPU, mostrando o lado social do \u00f3rg\u00e3o, a exemplo da regulariza\u00e7\u00e3o fundi\u00e1ria, que n\u00e3o \u00e9 muito conhecido da popula\u00e7\u00e3o\u201d, afirma o secret\u00e1rio do Patrim\u00f4nio da Uni\u00e3o, Sidrack Correia.<\/p>\n<p><strong>Data<\/strong>: segunda-feira, 30 de janeiro de 2017.<br \/>\n<strong>Hora<\/strong>: 14h30<\/p>\n<p><strong>Local<\/strong>: Escola de Administra\u00e7\u00e3o Fazend\u00e1ria (Esaf)<\/p>\n<p>Rodovia DF 001 Km 27,4 (Estrada de Una\u00ed), Bras\u00edlia &#8211; DF<\/p>\n","protected":false},"excerpt":{"rendered":"<p>A Secretaria do Patrim\u00f4nio da Uni\u00e3o (SPU), do Minist\u00e9rio do Planejamento, Desenvolvimento e Gest\u00e3o, informa que come\u00e7a nesta segunda-feira (30) a defini\u00e7\u00e3o dos objetivos estrat\u00e9gicos para o per\u00edodo de 2017 e 2018. De hoje at\u00e9 sexta-feira, servidores e superintendentes dos 26 estados e do Distrito Federal estar\u00e3o reunidos no \u201cXIX Encontro de Gest\u00e3o do Patrim\u00f4nio da Uni\u00e3o\u201d, na sede da [&hellip;]<\/p>\n","protected":false},"author":27,"featured_media":0,"comment_status":"open","ping_status":"closed","sticky":false,"template":"","format":"standard","meta":{"footnotes":""},"categories":[2719],"tags":[4896,2874,3210,1688,2045,141,70,624],"class_list":["post-4159","post","type-post","status-publish","format-standard","hentry","category-servidor","tag-diretrizes","tag-encontro","tag-esaf","tag-estrategias","tag-metas","tag-ministerio-do-planejamento","tag-nacional","tag-spu"],"_links":{"self":[{"href":"https:\/\/blogs.correiobraziliense.com.br\/servidor\/wp-json\/wp\/v2\/posts\/4159","targetHints":{"allow":["GET"]}}],"collection":[{"href":"https:\/\/blogs.correiobraziliense.com.br\/servidor\/wp-json\/wp\/v2\/posts"}],"about":[{"href":"https:\/\/blogs.correiobraziliense.com.br\/servidor\/wp-json\/wp\/v2\/types\/post"}],"author":[{"embeddable":true,"href":"https:\/\/blogs.correiobraziliense.com.br\/servidor\/wp-json\/wp\/v2\/users\/27"}],"replies":[{"embeddable":true,"href":"https:\/\/blogs.correiobraziliense.com.br\/servidor\/wp-json\/wp\/v2\/comments?post=4159"}],"version-history":[{"count":1,"href":"https:\/\/blogs.correiobraziliense.com.br\/servidor\/wp-json\/wp\/v2\/posts\/4159\/revisions"}],"predecessor-version":[{"id":4160,"href":"https:\/\/blogs.correiobraziliense.com.br\/servidor\/wp-json\/wp\/v2\/posts\/4159\/revisions\/4160"}],"wp:attachment":[{"href":"https:\/\/blogs.correiobraziliense.com.br\/servidor\/wp-json\/wp\/v2\/media?parent=4159"}],"wp:term":[{"taxonomy":"category","embeddable":true,"href":"https:\/\/blogs.correiobraziliense.com.br\/servidor\/wp-json\/wp\/v2\/categories?post=4159"},{"taxonomy":"post_tag","embeddable":true,"href":"https:\/\/blogs.correiobraziliense.com.br\/servidor\/wp-json\/wp\/v2\/tags?post=4159"}],"curies":[{"name":"wp","href":"https:\/\/api.w.org\/{rel}","templated":true}]}}