{"id":415,"date":"2015-08-03T15:00:00","date_gmt":"2015-08-03T15:00:00","guid":{"rendered":"https:\/\/blogs.correiobraziliense.com.br\/servidor\/ipea_divulga_novo_boletim_de_analise_politico-institucional\/"},"modified":"2015-08-03T15:00:00","modified_gmt":"2015-08-03T15:00:00","slug":"ipea_divulga_novo_boletim_de_analise_politico-institucional","status":"publish","type":"post","link":"https:\/\/blogs.correiobraziliense.com.br\/servidor\/ipea_divulga_novo_boletim_de_analise_politico-institucional\/","title":{"rendered":"IPEA DIVULGA NOVO BOLETIM DE AN\u00c1LISE POL\u00cdTICO-INSTITUCIONAL"},"content":{"rendered":"<p>A publica\u00e7\u00e3o  traz an\u00e1lises sobre temas como desenvolvimento, macroeconomia e sa\u00fade,  infraestrutura e modelo de governan\u00e7a das ag\u00eancias  reguladoras <\/p>\n<p>O Instituto  de Pesquisa Econ\u00f4mica Aplicada (<strong>Ipea<\/strong>) lan\u00e7a em Bras\u00edlia na  quarta-feira, dia 5 de agosto, o Boletim de An\u00e1lise  Pol\u00edtico-Institucional. Essa s\u00e9tima edi\u00e7\u00e3o aborda temas voltados  para o desenvolvimento, macroeconomia e sa\u00fade, modelo de governan\u00e7a das ag\u00eancias  reguladoras, processo legislativo, seguran\u00e7a, infraestrutura e risco das  empresas reguladas. S\u00e3o trabalhos que mostram a import\u00e2ncia da an\u00e1lise dos  impactos das diversas interven\u00e7\u00f5es de pol\u00edticas p\u00fablicas no  Brasil. <\/p>\n<p>A publica\u00e7\u00e3o  traz reflex\u00f5es voltadas ao desenvolvimento, cuja primeira, An\u00e1lise  estrat\u00e9gica: um campo de estudos para formula\u00e7\u00e3o e execu\u00e7\u00e3o de pol\u00edticas  p\u00fablicas, aborda os conceitos do termo \u201cestrat\u00e9gia\u201d e de poss\u00edveis usos da  an\u00e1lise estrat\u00e9gica, al\u00e9m de sua aplicabilidade na formula\u00e7\u00e3o de pol\u00edticas  p\u00fablicas. Em uma avalia\u00e7\u00e3o retrospectiva com dados da sa\u00fade brasileira, o texto  Macroeconomia e sa\u00fade: apontamentos para uma agenda de pesquisa levanta  alguns elementos do desempenho macroecon\u00f4mico do setor no pa\u00eds. Por fim, o texto  do artigo Avaliando o modelo de governan\u00e7a das ag\u00eancias reguladoras,&nbsp;\u00e0  luz dos acontecimentos recentes no Brasil, avalia as raz\u00f5es pelas quais o tema  da qualidade da governan\u00e7a das institui\u00e7\u00f5es deve ocupar lugar de destaque nas  agendas de pol\u00edticas p\u00fablicas. <\/p>\n<p>Cinco notas  de pesquisa fecham os temas abordados pela publica\u00e7\u00e3o, dentre as quais, uma  sobre Processo legislativo: mudan\u00e7as recentes e desafios, que descreve  mudan\u00e7as recentes no processo Legislativo Federal, especialmente no que diz  respeito \u00e0s iniciativas de lei do Executivo. J\u00e1 a nota Institui\u00e7\u00f5es  participativas na seguran\u00e7a p\u00fablica: programas impulsionados por institui\u00e7\u00f5es  policiais envolveu quatro institui\u00e7\u00f5es de pesquisa e busca compreender o  alcance e os resultados do trabalho dos conselhos comunit\u00e1rios de seguran\u00e7a  p\u00fablica institu\u00eddos por organiza\u00e7\u00f5es policiais, especificamente em S\u00e3o Paulo,  Rio de Janeiro, Belo Horizonte e Bras\u00edlia. <\/p>\n<p>Abordando o  tema da seguran\u00e7a p\u00fablica, a nota de pesquisa Resultados preliminares do  projeto \u2018A seguran\u00e7a p\u00fablica no Brasil: uma vis\u00e3o prospectiva\u2019 traz a  metodologia e os primeiros resultados deste projeto, cuja finalidade \u00e9 subsidiar  a elabora\u00e7\u00e3o de programas do Plano Plurianual (PPA) 2016-2019 na \u00e1rea.  Investimentos em infraestrutura s\u00e3o lembrados no texto Condicionantes  institucionais \u00e0 execu\u00e7\u00e3o de projetos de investimentos em infraestrutura: uma  nota de pesquisa, cujo objetivo \u00e9 compreender os fatores de ordem  institucional que influenciam a execu\u00e7\u00e3o de projetos de investimento para o  setor no Brasil.  <\/p>\n<p>E  finalizando a se\u00e7\u00e3o, a nota Risco regulat\u00f3rio no Brasil: conceito e  contribui\u00e7\u00e3o para o debate faz uma breve revis\u00e3o da literatura e uma  discuss\u00e3o de artigos conclu\u00eddos que indicam que arcabou\u00e7os institucionais de  baixa qualidade e interven\u00e7\u00f5es setoriais inoportunas podem aumentar o risco das  empresas reguladas, dificultando os seus  investimentos. <\/p>\n<p><i>Bras\u00edlia, 15h00min<\/i>   <\/p>\n","protected":false},"excerpt":{"rendered":"<p>A publica\u00e7\u00e3o traz an\u00e1lises sobre temas como desenvolvimento, macroeconomia e sa\u00fade, infraestrutura e modelo de governan\u00e7a das ag\u00eancias reguladoras O Instituto de Pesquisa Econ\u00f4mica Aplicada (Ipea) lan\u00e7a em Bras\u00edlia na quarta-feira, dia 5 de agosto, o Boletim de An\u00e1lise Pol\u00edtico-Institucional. Essa s\u00e9tima edi\u00e7\u00e3o aborda temas voltados para o desenvolvimento, macroeconomia e sa\u00fade, modelo de governan\u00e7a das ag\u00eancias reguladoras, processo legislativo, [&hellip;]<\/p>\n","protected":false},"author":27,"featured_media":0,"comment_status":"open","ping_status":"open","sticky":false,"template":"","format":"standard","meta":{"footnotes":""},"categories":[1],"tags":[],"class_list":["post-415","post","type-post","status-publish","format-standard","hentry","category-sem-categoria"],"_links":{"self":[{"href":"https:\/\/blogs.correiobraziliense.com.br\/servidor\/wp-json\/wp\/v2\/posts\/415","targetHints":{"allow":["GET"]}}],"collection":[{"href":"https:\/\/blogs.correiobraziliense.com.br\/servidor\/wp-json\/wp\/v2\/posts"}],"about":[{"href":"https:\/\/blogs.correiobraziliense.com.br\/servidor\/wp-json\/wp\/v2\/types\/post"}],"author":[{"embeddable":true,"href":"https:\/\/blogs.correiobraziliense.com.br\/servidor\/wp-json\/wp\/v2\/users\/27"}],"replies":[{"embeddable":true,"href":"https:\/\/blogs.correiobraziliense.com.br\/servidor\/wp-json\/wp\/v2\/comments?post=415"}],"version-history":[{"count":0,"href":"https:\/\/blogs.correiobraziliense.com.br\/servidor\/wp-json\/wp\/v2\/posts\/415\/revisions"}],"wp:attachment":[{"href":"https:\/\/blogs.correiobraziliense.com.br\/servidor\/wp-json\/wp\/v2\/media?parent=415"}],"wp:term":[{"taxonomy":"category","embeddable":true,"href":"https:\/\/blogs.correiobraziliense.com.br\/servidor\/wp-json\/wp\/v2\/categories?post=415"},{"taxonomy":"post_tag","embeddable":true,"href":"https:\/\/blogs.correiobraziliense.com.br\/servidor\/wp-json\/wp\/v2\/tags?post=415"}],"curies":[{"name":"wp","href":"https:\/\/api.w.org\/{rel}","templated":true}]}}