{"id":4137,"date":"2017-01-26T16:49:30","date_gmt":"2017-01-26T18:49:30","guid":{"rendered":"https:\/\/blogs.correiobraziliense.com.br\/servidor\/?p=4137"},"modified":"2017-01-26T16:49:30","modified_gmt":"2017-01-26T18:49:30","slug":"justica-do-trabalho-monta-curso-para-estimular-solucao-de-conflitos-por-meio-da-conciliacao","status":"publish","type":"post","link":"https:\/\/blogs.correiobraziliense.com.br\/servidor\/justica-do-trabalho-monta-curso-para-estimular-solucao-de-conflitos-por-meio-da-conciliacao\/","title":{"rendered":"Justi\u00e7a do Trabalho monta curso para estimular solu\u00e7\u00e3o de conflitos por meio da concilia\u00e7\u00e3o"},"content":{"rendered":"<p>O Conselho Superior da Justi\u00e7a do Trabalho (CSJT) autorizou a todos os Tribunais Regionais do Trabalho (TRT) o download do curso \u201cFormando Conciliadores\u201d. Lan\u00e7ado oficialmente em 2016, durante o Coleprecor, o curso tem o objetivo de estimular o compartilhamento de conhecimento e racionalizar os investimentos em capacita\u00e7\u00e3o.<br \/>\nA iniciativa \u00e9 da Comiss\u00e3o Nacional de Promo\u00e7\u00e3o \u00e0 Concilia\u00e7\u00e3o, coordenada pelo vice-presidente do CSJT, ministro Emmanoel Pereira em parceria com o TRT da 15\u00aa Regi\u00e3o (Campinas\/ SP).<u><\/u><u><\/u><\/p>\n<p>\u201cEste curso visa preparar os conciliadores na dura tarefa de solucionar conflitos e \u00e9 a principal ferramenta da nossa Justi\u00e7a\u201d, refor\u00e7ou o ministro Emmanoel Pereira, no v\u00eddeo de apresenta\u00e7\u00e3o do curso.<u><\/u><u><\/u><\/p>\n<p>O curso \u00e9 ministrado \u00e0 dist\u00e2ncia, por meio do ambiente virtual de aprendizagem do CSJT. Dividido em nove videoaulas e com carga-hor\u00e1ria de 30 horas, a capacita\u00e7\u00e3o contempla os fundamentos e a import\u00e2ncia da solu\u00e7\u00e3o autocompositiva, os modelos de negocia\u00e7\u00e3o, as etapas de concilia\u00e7\u00e3o e media\u00e7\u00e3o, t\u00e9cnicas e estrat\u00e9gias de negocia\u00e7\u00e3o, al\u00e9m de no\u00e7\u00f5es de direito do trabalho, de c\u00e1lculo trabalhista e de processo do trabalho.<u><\/u><u><\/u><\/p>\n<p>Tamb\u00e9m s\u00e3o abordados a reda\u00e7\u00e3o de ata do acordo, \u00e9tica da concilia\u00e7\u00e3o e media\u00e7\u00e3o e as provid\u00eancias para instala\u00e7\u00e3o de centros judici\u00e1rios de solu\u00e7\u00e3o de conflitos e din\u00e2mica das audi\u00eancias de concilia\u00e7\u00e3o.<\/p>\n","protected":false},"excerpt":{"rendered":"<p>O Conselho Superior da Justi\u00e7a do Trabalho (CSJT) autorizou a todos os Tribunais Regionais do Trabalho (TRT) o download do curso \u201cFormando Conciliadores\u201d. Lan\u00e7ado oficialmente em 2016, durante o Coleprecor, o curso tem o objetivo de estimular o compartilhamento de conhecimento e racionalizar os investimentos em capacita\u00e7\u00e3o. A iniciativa \u00e9 da Comiss\u00e3o Nacional de Promo\u00e7\u00e3o \u00e0 Concilia\u00e7\u00e3o, coordenada pelo vice-presidente [&hellip;]<\/p>\n","protected":false},"author":27,"featured_media":0,"comment_status":"open","ping_status":"closed","sticky":false,"template":"","format":"standard","meta":{"footnotes":""},"categories":[2719],"tags":[4867,1238,1240,3211,1076,697,1429],"class_list":["post-4137","post","type-post","status-publish","format-standard","hentry","category-servidor","tag-coleprecor","tag-conciliacao","tag-conflitos","tag-csjt","tag-curso","tag-justica-do-trabalho","tag-solucao"],"_links":{"self":[{"href":"https:\/\/blogs.correiobraziliense.com.br\/servidor\/wp-json\/wp\/v2\/posts\/4137","targetHints":{"allow":["GET"]}}],"collection":[{"href":"https:\/\/blogs.correiobraziliense.com.br\/servidor\/wp-json\/wp\/v2\/posts"}],"about":[{"href":"https:\/\/blogs.correiobraziliense.com.br\/servidor\/wp-json\/wp\/v2\/types\/post"}],"author":[{"embeddable":true,"href":"https:\/\/blogs.correiobraziliense.com.br\/servidor\/wp-json\/wp\/v2\/users\/27"}],"replies":[{"embeddable":true,"href":"https:\/\/blogs.correiobraziliense.com.br\/servidor\/wp-json\/wp\/v2\/comments?post=4137"}],"version-history":[{"count":1,"href":"https:\/\/blogs.correiobraziliense.com.br\/servidor\/wp-json\/wp\/v2\/posts\/4137\/revisions"}],"predecessor-version":[{"id":4138,"href":"https:\/\/blogs.correiobraziliense.com.br\/servidor\/wp-json\/wp\/v2\/posts\/4137\/revisions\/4138"}],"wp:attachment":[{"href":"https:\/\/blogs.correiobraziliense.com.br\/servidor\/wp-json\/wp\/v2\/media?parent=4137"}],"wp:term":[{"taxonomy":"category","embeddable":true,"href":"https:\/\/blogs.correiobraziliense.com.br\/servidor\/wp-json\/wp\/v2\/categories?post=4137"},{"taxonomy":"post_tag","embeddable":true,"href":"https:\/\/blogs.correiobraziliense.com.br\/servidor\/wp-json\/wp\/v2\/tags?post=4137"}],"curies":[{"name":"wp","href":"https:\/\/api.w.org\/{rel}","templated":true}]}}