{"id":4124,"date":"2017-01-25T18:01:52","date_gmt":"2017-01-25T20:01:52","guid":{"rendered":"https:\/\/blogs.correiobraziliense.com.br\/servidor\/?p=4124"},"modified":"2017-01-26T17:21:02","modified_gmt":"2017-01-26T19:21:02","slug":"ministro-ives-gandra-martins-filho-envia-nota-de-esclarecimento","status":"publish","type":"post","link":"https:\/\/blogs.correiobraziliense.com.br\/servidor\/ministro-ives-gandra-martins-filho-envia-nota-de-esclarecimento\/","title":{"rendered":"Ministro Ives Gandra Martins Filho envia nota de esclarecimento"},"content":{"rendered":"<p>Diante de not\u00edcias veiculadas pela imprensa, descontextualizando quatro par\u00e1grafos de obra jur\u00eddica de minha lavra, venho esclarecer n\u00e3o ter postura nem homof\u00f3bica, nem machista. Deixo claro no artigo citado, de 70 p\u00e1ginas, sobre direitos fundamentais, que as pessoas homossexuais devem ser respeitadas em sua orienta\u00e7\u00e3o e ter seus direitos garantidos, ainda que n\u00e3o sob a modalidade de matrim\u00f4nio para sua uni\u00e3o. Por outro lado, ao tratar das rela\u00e7\u00f5es familiares, fa\u00e7o refer\u00eancia apenas, de passagem, ao princ\u00edpio da autoridade como<b> \u00ednsito<\/b> a qualquer comunidade humana, com os filhos obedecendo aos pais e a mulher ao marido no \u00e2mbito familiar, calcado em obra da fil\u00f3sofa judia-crist\u00e3 Edith Stein, morta em campos de concentra\u00e7\u00e3o nazista.<\/p>\n<p>O compartilhamento da autoridade sempre me pareceu evidente, tendo sido essa a que meus pais casados h\u00e1 58 anos viveram e a qual s\u00e3o seus filhos muito gratos. Por outro lado, cabe lembrar que fui relator no Plen\u00e1rio do TST do processo que garantiu \u00e0s mulheres o direito ao intervalo de 15 minutos antes de qualquer sobrejornada de trabalho, decis\u00e3o referendada pela Suprema Corte.<\/p>\n<p>As demais posturas que adoto em defesa da vida e da fam\u00edlia s\u00e3o comuns a cat\u00f3licos e evang\u00e9licos, n\u00e3o podendo ser desconsideradas &#8220;a priori&#8221; numa sociedade democr\u00e1tica e pluralista.<\/p>\n<p><span class=\"il\">Ives<\/span> <span class=\"il\">Gandra<\/span> Martins Filho<\/p>\n<p>&nbsp;<\/p>\n","protected":false},"excerpt":{"rendered":"<p>Diante de not\u00edcias veiculadas pela imprensa, descontextualizando quatro par\u00e1grafos de obra jur\u00eddica de minha lavra, venho esclarecer n\u00e3o ter postura nem homof\u00f3bica, nem machista. Deixo claro no artigo citado, de 70 p\u00e1ginas, sobre direitos fundamentais, que as pessoas homossexuais devem ser respeitadas em sua orienta\u00e7\u00e3o e ter seus direitos garantidos, ainda que n\u00e3o sob a modalidade de matrim\u00f4nio para sua [&hellip;]<\/p>\n","protected":false},"author":27,"featured_media":0,"comment_status":"open","ping_status":"closed","sticky":false,"template":"","format":"standard","meta":{"footnotes":""},"categories":[2719],"tags":[322,4862,35],"class_list":["post-4124","post","type-post","status-publish","format-standard","hentry","category-servidor","tag-esclarecimento","tag-ives-gandra-martins","tag-ministro"],"_links":{"self":[{"href":"https:\/\/blogs.correiobraziliense.com.br\/servidor\/wp-json\/wp\/v2\/posts\/4124","targetHints":{"allow":["GET"]}}],"collection":[{"href":"https:\/\/blogs.correiobraziliense.com.br\/servidor\/wp-json\/wp\/v2\/posts"}],"about":[{"href":"https:\/\/blogs.correiobraziliense.com.br\/servidor\/wp-json\/wp\/v2\/types\/post"}],"author":[{"embeddable":true,"href":"https:\/\/blogs.correiobraziliense.com.br\/servidor\/wp-json\/wp\/v2\/users\/27"}],"replies":[{"embeddable":true,"href":"https:\/\/blogs.correiobraziliense.com.br\/servidor\/wp-json\/wp\/v2\/comments?post=4124"}],"version-history":[{"count":2,"href":"https:\/\/blogs.correiobraziliense.com.br\/servidor\/wp-json\/wp\/v2\/posts\/4124\/revisions"}],"predecessor-version":[{"id":4141,"href":"https:\/\/blogs.correiobraziliense.com.br\/servidor\/wp-json\/wp\/v2\/posts\/4124\/revisions\/4141"}],"wp:attachment":[{"href":"https:\/\/blogs.correiobraziliense.com.br\/servidor\/wp-json\/wp\/v2\/media?parent=4124"}],"wp:term":[{"taxonomy":"category","embeddable":true,"href":"https:\/\/blogs.correiobraziliense.com.br\/servidor\/wp-json\/wp\/v2\/categories?post=4124"},{"taxonomy":"post_tag","embeddable":true,"href":"https:\/\/blogs.correiobraziliense.com.br\/servidor\/wp-json\/wp\/v2\/tags?post=4124"}],"curies":[{"name":"wp","href":"https:\/\/api.w.org\/{rel}","templated":true}]}}