{"id":41,"date":"2015-01-31T08:00:00","date_gmt":"2015-01-31T10:00:00","guid":{"rendered":"https:\/\/blogs.correiobraziliense.com.br\/servidor\/fenaprf_quer_participar_do_planejamento_da_seguranca_nacional\/"},"modified":"2015-01-31T08:00:00","modified_gmt":"2015-01-31T10:00:00","slug":"fenaprf_quer_participar_do_planejamento_da_seguranca_nacional","status":"publish","type":"post","link":"https:\/\/blogs.correiobraziliense.com.br\/servidor\/fenaprf_quer_participar_do_planejamento_da_seguranca_nacional\/","title":{"rendered":"FENAPRF QUER PARTICIPAR DO PLANEJAMENTO DA SEGURAN\u00c7A NACIONAL"},"content":{"rendered":"<p>O presidente da Federa\u00e7\u00e3o Nacional dos Policiais Rodovi\u00e1rios Federais  (FenaPRF), Pedro Cavalcanti, solicitou ao Ministro da Justi\u00e7a, Jos\u00e9  Eduardo Cardozo, a participa\u00e7\u00e3o da entidade nas discuss\u00f5es  relativas ao pacote de seguran\u00e7a p\u00fablico que foi anunciado durante a sua posse no novo mandato da presidente Dilma Rouseff. A solicita\u00e7\u00e3o foi feta por meio de of\u00edcio protocolado no Minist\u00e9rio da Justi\u00e7a, no dia 22 de janeiro de 2015.  <\/p>\n<p>&#8220;O documento demonstra o desejo da FenaPRF de colaborar, em todas as  fases, com o novo plano de seguran\u00e7a preanunciado pelo governo federal.  Cavalcanti enfatiza que a experi\u00eancia dos policiais rodovi\u00e1rios  federais, que vivem intensamente o cotidiano das rodovias do Brasil e  das fronteiras com pa\u00edses lim\u00edtrofes na Am\u00e9rica do Sul, pode ser  contribui\u00e7\u00e3o capital para a constru\u00e7\u00e3o de uma reforma compat\u00edvel comas  demandas da sociedade brasileira&#8221;, destaca a nota da FenaPRF. <\/p>\n<p>Bras\u00edlia, 08h00 <\/p>\n","protected":false},"excerpt":{"rendered":"<p>O presidente da Federa\u00e7\u00e3o Nacional dos Policiais Rodovi\u00e1rios Federais (FenaPRF), Pedro Cavalcanti, solicitou ao Ministro da Justi\u00e7a, Jos\u00e9 Eduardo Cardozo, a participa\u00e7\u00e3o da entidade nas discuss\u00f5es relativas ao pacote de seguran\u00e7a p\u00fablico que foi anunciado durante a sua posse no novo mandato da presidente Dilma Rouseff. A solicita\u00e7\u00e3o foi feta por meio de of\u00edcio protocolado no Minist\u00e9rio da Justi\u00e7a, no [&hellip;]<\/p>\n","protected":false},"author":27,"featured_media":0,"comment_status":"open","ping_status":"open","sticky":false,"template":"","format":"standard","meta":{"footnotes":""},"categories":[1],"tags":[],"class_list":["post-41","post","type-post","status-publish","format-standard","hentry","category-sem-categoria"],"_links":{"self":[{"href":"https:\/\/blogs.correiobraziliense.com.br\/servidor\/wp-json\/wp\/v2\/posts\/41","targetHints":{"allow":["GET"]}}],"collection":[{"href":"https:\/\/blogs.correiobraziliense.com.br\/servidor\/wp-json\/wp\/v2\/posts"}],"about":[{"href":"https:\/\/blogs.correiobraziliense.com.br\/servidor\/wp-json\/wp\/v2\/types\/post"}],"author":[{"embeddable":true,"href":"https:\/\/blogs.correiobraziliense.com.br\/servidor\/wp-json\/wp\/v2\/users\/27"}],"replies":[{"embeddable":true,"href":"https:\/\/blogs.correiobraziliense.com.br\/servidor\/wp-json\/wp\/v2\/comments?post=41"}],"version-history":[{"count":0,"href":"https:\/\/blogs.correiobraziliense.com.br\/servidor\/wp-json\/wp\/v2\/posts\/41\/revisions"}],"wp:attachment":[{"href":"https:\/\/blogs.correiobraziliense.com.br\/servidor\/wp-json\/wp\/v2\/media?parent=41"}],"wp:term":[{"taxonomy":"category","embeddable":true,"href":"https:\/\/blogs.correiobraziliense.com.br\/servidor\/wp-json\/wp\/v2\/categories?post=41"},{"taxonomy":"post_tag","embeddable":true,"href":"https:\/\/blogs.correiobraziliense.com.br\/servidor\/wp-json\/wp\/v2\/tags?post=41"}],"curies":[{"name":"wp","href":"https:\/\/api.w.org\/{rel}","templated":true}]}}