{"id":4082,"date":"2017-01-19T14:40:38","date_gmt":"2017-01-19T16:40:38","guid":{"rendered":"https:\/\/blogs.correiobraziliense.com.br\/servidor\/?p=4082"},"modified":"2017-01-19T14:40:38","modified_gmt":"2017-01-19T16:40:38","slug":"ministerio-do-trabalho-aperta-cerco-contra-fraudes-no-pagamento-de-beneficios","status":"publish","type":"post","link":"https:\/\/blogs.correiobraziliense.com.br\/servidor\/ministerio-do-trabalho-aperta-cerco-contra-fraudes-no-pagamento-de-beneficios\/","title":{"rendered":"Minist\u00e9rio do Trabalho aperta cerco contra fraudes no pagamento de benef\u00edcios"},"content":{"rendered":"<div style=\"text-align: left\" align=\"center\"><i>Ministros Ronaldo Nogueira (Trabalho) e Osmar Terra (Desenvolvimento Social e Agr\u00e1rio) acertaram troca de informa\u00e7\u00f5es de bancos de dados das pastas<\/i><\/div>\n<div style=\"text-align: left\" align=\"center\"><\/div>\n<div style=\"text-align: left\" align=\"center\">\n<div align=\"left\">Os minist\u00e9rios do Trabalho e do Desenvolvimento Social e Agr\u00e1rio v\u00e3o compartilhar informa\u00e7\u00f5es de seus bancos de dados para prevenir fraudes no pagamento de benef\u00edcios sociais. O tema foi tratado nesta quarta-feira (17) em reuni\u00e3o entre os ministros Ronaldo Nogueira (Trabalho) e Osmar Terra (Desenvolvimento Agr\u00e1rio e Social).<\/div>\n<div align=\"left\"><\/div>\n<div align=\"left\">Por meio do cruzamento de dados, os minist\u00e9rios poder\u00e3o identificar casos de pagamentos indevidos de benef\u00edcios e suspender aqueles originados por meio de fraude. O Minist\u00e9rio do Desenvolvimento Social e Agr\u00e1rio \u00e9 respons\u00e1vel pela gest\u00e3o do Cadastro \u00danico (Cad\u00fanico), sistema obrigat\u00f3rio na sele\u00e7\u00e3o de pessoas beneficiadas pelos programas sociais do governo.<\/div>\n<div align=\"left\"><\/div>\n<div align=\"left\">O sistema foi criado em 2011 para identificar as fam\u00edlias brasileiras em situa\u00e7\u00e3o de vulnerabilidade, com renda entre meio e tr\u00eas sal\u00e1rios m\u00ednimos. Para receber benef\u00edcios sociais como o Bolsa Fam\u00edlia, por exemplo, \u00e9 preciso fazer parte do Cad\u00fanico. O cadastramento no sistema \u00e9 feito pelas prefeituras dos munic\u00edpios brasileiros. Atualmente, o sistema tem cerca de 80 milh\u00f5es de pessoas em sua base de dados.<\/div>\n<div align=\"left\"><\/div>\n<div align=\"left\">\u201cNosso objetivo \u00e9 fazer uma melhor gest\u00e3o dos recursos p\u00fablicos e garantir que as pessoas que necessitam de assist\u00eancia do Estado n\u00e3o sejam prejudicadas por aqueles que fraudam os cofres p\u00fablicos\u201d, afirmou o ministro Ronaldo Nogueira. \u201cAssim garantimos que os recursos sejam destinados a quem mais precisa e asseguramos o respeito ao contribuinte que paga seus impostos corretamente\u201d, disse.<\/div>\n<div align=\"left\"><\/div>\n<div align=\"left\">O Minist\u00e9rio do Trabalho vem apertando o cerco contra os fraudadores de benef\u00edcios de programas vinculados \u00e0 pasta, como o seguro-desemprego. Por ano, o governo gasta cerca de R$ 35 bilh\u00f5es com o pagamento do benef\u00edcio. O minist\u00e9rio estima que at\u00e9 R$ 700 milh\u00f5es por ano podem ser economizados com a suspens\u00e3o de pagamentos indevidos do seguro.<\/div>\n<div align=\"left\"><\/div>\n<div align=\"left\"><b>Cerco \u2013<\/b> O cruzamento de dados com a base do Minist\u00e9rio do Desenvolvimento Agr\u00e1rio e Social \u00e9 um dos primeiros que o Minist\u00e9rio do Trabalho desenvolve com outros \u00f3rg\u00e3os para melhorar a gest\u00e3o dos recursos p\u00fablicos. J\u00e1 h\u00e1 acordo firmado com a Caixa Econ\u00f4mica Federal para a troca de informa\u00e7\u00f5es. Novos acordos de coopera\u00e7\u00e3o com \u00f3rg\u00e3os do governo devem ser firmados em breve, de forma a reduzir os casos de fraude.<\/div>\n<\/div>\n","protected":false},"excerpt":{"rendered":"<p>Ministros Ronaldo Nogueira (Trabalho) e Osmar Terra (Desenvolvimento Social e Agr\u00e1rio) acertaram troca de informa\u00e7\u00f5es de bancos de dados das pastas Os minist\u00e9rios do Trabalho e do Desenvolvimento Social e Agr\u00e1rio v\u00e3o compartilhar informa\u00e7\u00f5es de seus bancos de dados para prevenir fraudes no pagamento de benef\u00edcios sociais. O tema foi tratado nesta quarta-feira (17) em reuni\u00e3o entre os ministros Ronaldo [&hellip;]<\/p>\n","protected":false},"author":27,"featured_media":0,"comment_status":"open","ping_status":"closed","sticky":false,"template":"","format":"standard","meta":{"footnotes":""},"categories":[2719],"tags":[852,4837,4838,167,4836,1011,561,4835,151,1862],"class_list":["post-4082","post","type-post","status-publish","format-standard","hentry","category-servidor","tag-beneficios","tag-cerco","tag-cruzamento","tag-dados","tag-desenvolvimento-social-e-agrario","tag-fraudes","tag-informacoes","tag-ministerio-trabalho","tag-pagamento","tag-troca"],"_links":{"self":[{"href":"https:\/\/blogs.correiobraziliense.com.br\/servidor\/wp-json\/wp\/v2\/posts\/4082","targetHints":{"allow":["GET"]}}],"collection":[{"href":"https:\/\/blogs.correiobraziliense.com.br\/servidor\/wp-json\/wp\/v2\/posts"}],"about":[{"href":"https:\/\/blogs.correiobraziliense.com.br\/servidor\/wp-json\/wp\/v2\/types\/post"}],"author":[{"embeddable":true,"href":"https:\/\/blogs.correiobraziliense.com.br\/servidor\/wp-json\/wp\/v2\/users\/27"}],"replies":[{"embeddable":true,"href":"https:\/\/blogs.correiobraziliense.com.br\/servidor\/wp-json\/wp\/v2\/comments?post=4082"}],"version-history":[{"count":1,"href":"https:\/\/blogs.correiobraziliense.com.br\/servidor\/wp-json\/wp\/v2\/posts\/4082\/revisions"}],"predecessor-version":[{"id":4083,"href":"https:\/\/blogs.correiobraziliense.com.br\/servidor\/wp-json\/wp\/v2\/posts\/4082\/revisions\/4083"}],"wp:attachment":[{"href":"https:\/\/blogs.correiobraziliense.com.br\/servidor\/wp-json\/wp\/v2\/media?parent=4082"}],"wp:term":[{"taxonomy":"category","embeddable":true,"href":"https:\/\/blogs.correiobraziliense.com.br\/servidor\/wp-json\/wp\/v2\/categories?post=4082"},{"taxonomy":"post_tag","embeddable":true,"href":"https:\/\/blogs.correiobraziliense.com.br\/servidor\/wp-json\/wp\/v2\/tags?post=4082"}],"curies":[{"name":"wp","href":"https:\/\/api.w.org\/{rel}","templated":true}]}}