{"id":408,"date":"2015-08-31T12:22:00","date_gmt":"2015-08-31T12:22:00","guid":{"rendered":"https:\/\/blogs.correiobraziliense.com.br\/servidor\/servidores_-_nota_publica_sobre_campanha_salarial\/"},"modified":"2015-08-31T12:22:00","modified_gmt":"2015-08-31T12:22:00","slug":"servidores_-_nota_publica_sobre_campanha_salarial","status":"publish","type":"post","link":"https:\/\/blogs.correiobraziliense.com.br\/servidor\/servidores_-_nota_publica_sobre_campanha_salarial\/","title":{"rendered":"SERVIDORES &#8211; NOTA P\u00daBLICA SOBRE CAMPANHA SALARIAL"},"content":{"rendered":"<p><i>REAJUSTE EM 4 ANOS, N\u00c3O!<\/i>  <\/p>\n<p>O F\u00f3rum das Entidades sindicais dos  servidores p\u00fablicos federais (que representa 22 entidades) se reuniu no domingo e reiterou, por unanimidade, a inten\u00e7\u00e3o de n\u00e3o aceitar  a proposta de reajuste plurianual do governo (21,3%  parcelado em quatro anos), por consider\u00e1-la insuficiente. Por meio de nota, o F\u00f3rum d\u00e1 explica\u00e7\u00f5es \u00e0 sociedade sobre as negocia\u00e7\u00f5es em curso.   <\/p>\n<p>De acordo com o F\u00f3rum, a proposta do governo  n\u00e3o considera as perdas dos servidores p\u00fablicos federais nos \u00faltimos  quatro anos e a pol\u00edtica econ\u00f4mica em curso n\u00e3o tem  conseguido manter a infla\u00e7\u00e3o est\u00e1vel, o que aprofunda mais a corros\u00e3o salarial. Por essas raz\u00f5es, os servidores n\u00e3o est\u00e3o dispostos a aceitar uma oferta que sequer cobre a infla\u00e7\u00e3o projetada pelos pr\u00f3prios  indicadores oficiais.  <\/p>\n<p>De acordo com o documento, a intransig\u00eancia do atual governo nas  mesas de negocia\u00e7\u00e3o n\u00e3o se resume \u00e0 apresenta\u00e7\u00e3o de proposta rebaixada. &#8220;A\u00e7\u00f5es que visam a deslegitimar e pressionar os trabalhadores t\u00eam sido  uma marca do governo, na medida em que ordenou o corte de ponto dos  trabalhadores de categorias que est\u00e3o em greve, tal como os  trabalhadores do INSS. Tal postura n\u00e3o contribui para o avan\u00e7o das  negocia\u00e7\u00f5es entre governo e funcionalismo, como tamb\u00e9m n\u00e3o ajuda a  avan\u00e7ar nas negocia\u00e7\u00f5es, ao condicionar o aceite do \u00edndice geral  rebaixado (21,3% divididos em quatro anos) \u00e0 negocia\u00e7\u00e3o das pautas  especificas das categorias que est\u00e3o em campanha salarial neste momento&#8221;.   <\/p>\n<p>As consequ\u00eancias do ajuste fiscal tem reca\u00eddo sobre os trabalhadores, assinalou o F\u00f3rum. &#8220;Cortes no  or\u00e7amento dos servi\u00e7os p\u00fablicos, em especial nas \u00e1reas da sa\u00fade e da  educa\u00e7\u00e3o; demiss\u00f5es nas montadoras que receberam incentivos fiscais e  redu\u00e7\u00e3o de impostos do governo nos \u00faltimos anos, justamente para n\u00e3o  demitir; medidas provis\u00f3rias que atacam direitos previdenci\u00e1rios, bem  como o endurecimento nas negocia\u00e7\u00f5es com o funcionalismo, s\u00e3o exemplos  de que s\u00e3o os trabalhadores que est\u00e3o pagando a conta da crise. Enquanto  isto, aumentam os lucros dos banqueiros e dos megaempres\u00e1rios, que  continuam a bater recordes a cada ano&#8221;.   <\/p>\n<p>&#8220;Diante deste cen\u00e1rio, o F\u00f3rum dos  Servidores Federais unificou sua posi\u00e7\u00e3o de n\u00e3o aceita\u00e7\u00e3o da proposta do  governo, exigindo negocia\u00e7\u00e3o real e imediata, pois o que se viu at\u00e9  agora foi a imposi\u00e7\u00e3o unilateral de uma proposta rebaixada, que n\u00e3o  encontra acordo em nenhuma das entidades que comp\u00f5em o F\u00f3rum dos SPFs.  Entretanto, nossa unidade n\u00e3o acontece somente em rela\u00e7\u00e3o \u00e0 negativa da  proposta. Em uma s\u00f3 voz queremos dizer que continuaremos a lutar e a  construir a\u00e7\u00f5es unit\u00e1rias nas ruas deste pa\u00eds&#8221;, assinala a nota.   <\/p>\n<p>&#8220;Queremos, ainda, demonstrar a nossa  disposi\u00e7\u00e3o em avan\u00e7ar nas negocia\u00e7\u00f5es, cobrando do governo uma mudan\u00e7a  de postura na mesa de negocia\u00e7\u00e3o e melhorando a proposta em rela\u00e7\u00e3o ao  \u00edndice e ao tempo definido para os reajustes. A unidade dos servidores  p\u00fablicos, ampliada a cada dia, visa \u00e0 presta\u00e7\u00e3o de servi\u00e7os p\u00fablicos de  qualidade para a popula\u00e7\u00e3o brasileira, j\u00e1 t\u00e3o penalizada com a alta  carga tribut\u00e1ria e a redu\u00e7\u00e3o de direitos trabalhistas no pa\u00eds.   <\/p>\n<p>Por fim, lamentamos que o governo  mantenha a postura intransigente na mesa de negocia\u00e7\u00e3o, prolongando o  conflito e as greves em curso e prejudicando a popula\u00e7\u00e3o brasileira, que  quer ver restabelecidas as atividades dos servi\u00e7os p\u00fablicos,  principalmente nas \u00e1reas da sa\u00fade e da educa\u00e7\u00e3o.&#8221;  <\/p>\n<p> F\u00d3RUM DAS ENTIDADES DOS SERVIDORES P\u00daBLICOS FEDERAIS<i>  <\/p>\n<p><\/i><i>Bras\u00edlia, 12h22min<\/i>  <\/p>\n","protected":false},"excerpt":{"rendered":"<p>REAJUSTE EM 4 ANOS, N\u00c3O! O F\u00f3rum das Entidades sindicais dos servidores p\u00fablicos federais (que representa 22 entidades) se reuniu no domingo e reiterou, por unanimidade, a inten\u00e7\u00e3o de n\u00e3o aceitar a proposta de reajuste plurianual do governo (21,3% parcelado em quatro anos), por consider\u00e1-la insuficiente. Por meio de nota, o F\u00f3rum d\u00e1 explica\u00e7\u00f5es \u00e0 sociedade sobre as negocia\u00e7\u00f5es em [&hellip;]<\/p>\n","protected":false},"author":27,"featured_media":0,"comment_status":"open","ping_status":"open","sticky":false,"template":"","format":"standard","meta":{"footnotes":""},"categories":[1],"tags":[],"class_list":["post-408","post","type-post","status-publish","format-standard","hentry","category-sem-categoria"],"_links":{"self":[{"href":"https:\/\/blogs.correiobraziliense.com.br\/servidor\/wp-json\/wp\/v2\/posts\/408","targetHints":{"allow":["GET"]}}],"collection":[{"href":"https:\/\/blogs.correiobraziliense.com.br\/servidor\/wp-json\/wp\/v2\/posts"}],"about":[{"href":"https:\/\/blogs.correiobraziliense.com.br\/servidor\/wp-json\/wp\/v2\/types\/post"}],"author":[{"embeddable":true,"href":"https:\/\/blogs.correiobraziliense.com.br\/servidor\/wp-json\/wp\/v2\/users\/27"}],"replies":[{"embeddable":true,"href":"https:\/\/blogs.correiobraziliense.com.br\/servidor\/wp-json\/wp\/v2\/comments?post=408"}],"version-history":[{"count":0,"href":"https:\/\/blogs.correiobraziliense.com.br\/servidor\/wp-json\/wp\/v2\/posts\/408\/revisions"}],"wp:attachment":[{"href":"https:\/\/blogs.correiobraziliense.com.br\/servidor\/wp-json\/wp\/v2\/media?parent=408"}],"wp:term":[{"taxonomy":"category","embeddable":true,"href":"https:\/\/blogs.correiobraziliense.com.br\/servidor\/wp-json\/wp\/v2\/categories?post=408"},{"taxonomy":"post_tag","embeddable":true,"href":"https:\/\/blogs.correiobraziliense.com.br\/servidor\/wp-json\/wp\/v2\/tags?post=408"}],"curies":[{"name":"wp","href":"https:\/\/api.w.org\/{rel}","templated":true}]}}