{"id":4078,"date":"2017-01-19T14:25:37","date_gmt":"2017-01-19T16:25:37","guid":{"rendered":"https:\/\/blogs.correiobraziliense.com.br\/servidor\/?p=4078"},"modified":"2017-01-19T14:25:37","modified_gmt":"2017-01-19T16:25:37","slug":"centrais-sindicais-se-reunem-com-o-ministro-do-trabalho-nesta-sexta","status":"publish","type":"post","link":"https:\/\/blogs.correiobraziliense.com.br\/servidor\/centrais-sindicais-se-reunem-com-o-ministro-do-trabalho-nesta-sexta\/","title":{"rendered":"Centrais sindicais se re\u00fanem com o ministro do Trabalho nesta sexta"},"content":{"rendered":"<p><i>Encontro ocorrer\u00e1 na sede do Dieese, em S\u00e3o Paulo, \u00e0s 15h<\/i><\/p>\n<p>Dirigentes das seis centrais sindicais reconhecidas (CSB, For\u00e7a Sindical, NCST, UGT, CUT e CTB) se reunir\u00e3o com o ministro do Trabalho, Ronaldo Nogueira, nesta sexta-feira (20), em S\u00e3o Paulo. O encontro ocorrer\u00e1 \u00e0s 15h na sede do Dieese (Departamento Intersindical de Estat\u00edsticas e Estudos Socioecon\u00f4micos).<\/p>\n<p>Na reuni\u00e3o, as centrais debater\u00e3o com o ministro quest\u00f5es relacionadas \u00e0 PEC 287\/16, que trata da reforma da Previd\u00eancia.<\/p>\n<p>&nbsp;<\/p>\n<p><strong>Reuni\u00e3o com o ministro do Trabalho Ronaldo Nogueira<\/strong><\/p>\n<p><strong>Quando:<\/strong> sexta-feira, 20, \u00e0s 15h<\/p>\n<p><strong>Onde<\/strong>: Dieese &#8211; Rua Aurora, 957, Centro, S\u00e3o Paulo (SP)<\/p>\n","protected":false},"excerpt":{"rendered":"<p>Encontro ocorrer\u00e1 na sede do Dieese, em S\u00e3o Paulo, \u00e0s 15h Dirigentes das seis centrais sindicais reconhecidas (CSB, For\u00e7a Sindical, NCST, UGT, CUT e CTB) se reunir\u00e3o com o ministro do Trabalho, Ronaldo Nogueira, nesta sexta-feira (20), em S\u00e3o Paulo. O encontro ocorrer\u00e1 \u00e0s 15h na sede do Dieese (Departamento Intersindical de Estat\u00edsticas e Estudos Socioecon\u00f4micos). Na reuni\u00e3o, as centrais [&hellip;]<\/p>\n","protected":false},"author":27,"featured_media":0,"comment_status":"open","ping_status":"closed","sticky":false,"template":"","format":"standard","meta":{"footnotes":""},"categories":[2719],"tags":[1259,1723,2383,999,2026,2855,35,3328,293,1260,261,2966],"class_list":["post-4078","post","type-post","status-publish","format-standard","hentry","category-servidor","tag-centrais","tag-csb","tag-ctb","tag-cut","tag-dieese","tag-forca","tag-ministro","tag-ncst","tag-reuniao","tag-sindicais","tag-trabalho","tag-ugt"],"_links":{"self":[{"href":"https:\/\/blogs.correiobraziliense.com.br\/servidor\/wp-json\/wp\/v2\/posts\/4078","targetHints":{"allow":["GET"]}}],"collection":[{"href":"https:\/\/blogs.correiobraziliense.com.br\/servidor\/wp-json\/wp\/v2\/posts"}],"about":[{"href":"https:\/\/blogs.correiobraziliense.com.br\/servidor\/wp-json\/wp\/v2\/types\/post"}],"author":[{"embeddable":true,"href":"https:\/\/blogs.correiobraziliense.com.br\/servidor\/wp-json\/wp\/v2\/users\/27"}],"replies":[{"embeddable":true,"href":"https:\/\/blogs.correiobraziliense.com.br\/servidor\/wp-json\/wp\/v2\/comments?post=4078"}],"version-history":[{"count":1,"href":"https:\/\/blogs.correiobraziliense.com.br\/servidor\/wp-json\/wp\/v2\/posts\/4078\/revisions"}],"predecessor-version":[{"id":4079,"href":"https:\/\/blogs.correiobraziliense.com.br\/servidor\/wp-json\/wp\/v2\/posts\/4078\/revisions\/4079"}],"wp:attachment":[{"href":"https:\/\/blogs.correiobraziliense.com.br\/servidor\/wp-json\/wp\/v2\/media?parent=4078"}],"wp:term":[{"taxonomy":"category","embeddable":true,"href":"https:\/\/blogs.correiobraziliense.com.br\/servidor\/wp-json\/wp\/v2\/categories?post=4078"},{"taxonomy":"post_tag","embeddable":true,"href":"https:\/\/blogs.correiobraziliense.com.br\/servidor\/wp-json\/wp\/v2\/tags?post=4078"}],"curies":[{"name":"wp","href":"https:\/\/api.w.org\/{rel}","templated":true}]}}