{"id":4076,"date":"2017-01-19T10:46:40","date_gmt":"2017-01-19T12:46:40","guid":{"rendered":"https:\/\/blogs.correiobraziliense.com.br\/servidor\/?p=4076"},"modified":"2017-01-19T10:46:40","modified_gmt":"2017-01-19T12:46:40","slug":"cobranca-anuidade-carteira-nacional-de-habilitacao","status":"publish","type":"post","link":"https:\/\/blogs.correiobraziliense.com.br\/servidor\/cobranca-anuidade-carteira-nacional-de-habilitacao\/","title":{"rendered":"Cobran\u00e7a anuidade Carteira Nacional de Habilita\u00e7\u00e3o"},"content":{"rendered":"<p>O Minist\u00e9rio das Cidades\/Denatran, esclareceu que a mensagem sobre \u00a0&#8220;<em>anuidade para portadores da CNH agora \u00e9 Lei<\/em>&#8220;, que circulou em redes sociais e aplicativos, ontem\u00a0(18), \u00e9 falsa.<\/p>\n<p>&#8220;Portadores da Carteira Nacional de Habilita\u00e7\u00e3o n\u00e3o pagam anuidade. Contamos com a colabora\u00e7\u00e3o de todos os ve\u00edculos de comunica\u00e7\u00e3o para desmentir a informa\u00e7\u00e3o, a fim de prevenir todos os cidad\u00e3os contra golpes que possam ser aplicados em nome da institui\u00e7\u00e3o&#8221;, destacou a nota do minist\u00e9rio.<\/p>\n","protected":false},"excerpt":{"rendered":"<p>O Minist\u00e9rio das Cidades\/Denatran, esclareceu que a mensagem sobre \u00a0&#8220;anuidade para portadores da CNH agora \u00e9 Lei&#8220;, que circulou em redes sociais e aplicativos, ontem\u00a0(18), \u00e9 falsa. &#8220;Portadores da Carteira Nacional de Habilita\u00e7\u00e3o n\u00e3o pagam anuidade. Contamos com a colabora\u00e7\u00e3o de todos os ve\u00edculos de comunica\u00e7\u00e3o para desmentir a informa\u00e7\u00e3o, a fim de prevenir todos os cidad\u00e3os contra golpes que [&hellip;]<\/p>\n","protected":false},"author":27,"featured_media":0,"comment_status":"open","ping_status":"closed","sticky":false,"template":"","format":"standard","meta":{"footnotes":""},"categories":[2719],"tags":[4832,4833,956],"class_list":["post-4076","post","type-post","status-publish","format-standard","hentry","category-servidor","tag-anuidade","tag-carteira-nacional-de-habilitacao","tag-cobranca"],"_links":{"self":[{"href":"https:\/\/blogs.correiobraziliense.com.br\/servidor\/wp-json\/wp\/v2\/posts\/4076","targetHints":{"allow":["GET"]}}],"collection":[{"href":"https:\/\/blogs.correiobraziliense.com.br\/servidor\/wp-json\/wp\/v2\/posts"}],"about":[{"href":"https:\/\/blogs.correiobraziliense.com.br\/servidor\/wp-json\/wp\/v2\/types\/post"}],"author":[{"embeddable":true,"href":"https:\/\/blogs.correiobraziliense.com.br\/servidor\/wp-json\/wp\/v2\/users\/27"}],"replies":[{"embeddable":true,"href":"https:\/\/blogs.correiobraziliense.com.br\/servidor\/wp-json\/wp\/v2\/comments?post=4076"}],"version-history":[{"count":1,"href":"https:\/\/blogs.correiobraziliense.com.br\/servidor\/wp-json\/wp\/v2\/posts\/4076\/revisions"}],"predecessor-version":[{"id":4077,"href":"https:\/\/blogs.correiobraziliense.com.br\/servidor\/wp-json\/wp\/v2\/posts\/4076\/revisions\/4077"}],"wp:attachment":[{"href":"https:\/\/blogs.correiobraziliense.com.br\/servidor\/wp-json\/wp\/v2\/media?parent=4076"}],"wp:term":[{"taxonomy":"category","embeddable":true,"href":"https:\/\/blogs.correiobraziliense.com.br\/servidor\/wp-json\/wp\/v2\/categories?post=4076"},{"taxonomy":"post_tag","embeddable":true,"href":"https:\/\/blogs.correiobraziliense.com.br\/servidor\/wp-json\/wp\/v2\/tags?post=4076"}],"curies":[{"name":"wp","href":"https:\/\/api.w.org\/{rel}","templated":true}]}}