{"id":4072,"date":"2017-01-18T18:31:34","date_gmt":"2017-01-18T20:31:34","guid":{"rendered":"https:\/\/blogs.correiobraziliense.com.br\/servidor\/?p=4072"},"modified":"2017-01-18T18:31:34","modified_gmt":"2017-01-18T20:31:34","slug":"pec-28716-anfip-e-magistrados-produzem-nota-conjunta-contra-reforma","status":"publish","type":"post","link":"https:\/\/blogs.correiobraziliense.com.br\/servidor\/pec-28716-anfip-e-magistrados-produzem-nota-conjunta-contra-reforma\/","title":{"rendered":"PEC 287\/16: Anfip e magistrados produzem nota conjunta contra reforma"},"content":{"rendered":"<p><em>Entidades participantes: Associa\u00e7\u00e3o dos Ju\u00edzes Federais do Brasil (Ajufe), Associa\u00e7\u00e3o dos Magistrados Brasileiros (AMB), Associa\u00e7\u00e3o Nacional dos Membros do Minist\u00e9rio P\u00fablico (Conamp) e Associa\u00e7\u00e3o Nacional dos Procuradores do Trabalho (ANPT).<\/em><\/p>\n<p>O presidente da Anfip, Vilson Antonio Romero, se reuniu nesta quarta-feira (18), em Bras\u00edlia, com representantes da Anamatra, Ajufe, AMB, Conamp e ANPT para definir o conte\u00fado de uma nota conjunta rebatendo os pontos da PEC 287\/16, que trata da reforma da Previd\u00eancia. As entidades s\u00e3o contra a quebra de direitos e atuar\u00e3o em busca de melhorias no texto da proposta.<\/p>\n<p>Al\u00e9m da nota conjunta, as entidades tamb\u00e9m debateram a import\u00e2ncia de apresentarem emendas \u00e0 PEC. Romero adiantou que a Anfip j\u00e1 est\u00e1 elaborando suas sugest\u00f5es, que se concentrar\u00e3o nos artigos 40 e 201 da Constitui\u00e7\u00e3o, no reequil\u00edbrio do sistema de previd\u00eancia rural, na quest\u00e3o da contribui\u00e7\u00e3o dos aposentados e na rediscuss\u00e3o do prazo de prescri\u00e7\u00e3o e decad\u00eancia das contribui\u00e7\u00f5es previdenci\u00e1rias.<\/p>\n<p>A minuta da nota j\u00e1 est\u00e1 sendo feita e, assim que finalizada, ser\u00e1 divulgada para toda a sociedade.<\/p>\n<p>&nbsp;<\/p>\n","protected":false},"excerpt":{"rendered":"<p>Entidades participantes: Associa\u00e7\u00e3o dos Ju\u00edzes Federais do Brasil (Ajufe), Associa\u00e7\u00e3o dos Magistrados Brasileiros (AMB), Associa\u00e7\u00e3o Nacional dos Membros do Minist\u00e9rio P\u00fablico (Conamp) e Associa\u00e7\u00e3o Nacional dos Procuradores do Trabalho (ANPT). O presidente da Anfip, Vilson Antonio Romero, se reuniu nesta quarta-feira (18), em Bras\u00edlia, com representantes da Anamatra, Ajufe, AMB, Conamp e ANPT para definir o conte\u00fado de uma nota [&hellip;]<\/p>\n","protected":false},"author":27,"featured_media":0,"comment_status":"open","ping_status":"closed","sticky":false,"template":"","format":"standard","meta":{"footnotes":""},"categories":[2719],"tags":[1405,1409,1408,771,4218,4460,4830],"class_list":["post-4072","post","type-post","status-publish","format-standard","hentry","category-servidor","tag-ajufe","tag-amb","tag-anamatra","tag-anfip","tag-anpt","tag-conamp","tag-pec-28716"],"_links":{"self":[{"href":"https:\/\/blogs.correiobraziliense.com.br\/servidor\/wp-json\/wp\/v2\/posts\/4072","targetHints":{"allow":["GET"]}}],"collection":[{"href":"https:\/\/blogs.correiobraziliense.com.br\/servidor\/wp-json\/wp\/v2\/posts"}],"about":[{"href":"https:\/\/blogs.correiobraziliense.com.br\/servidor\/wp-json\/wp\/v2\/types\/post"}],"author":[{"embeddable":true,"href":"https:\/\/blogs.correiobraziliense.com.br\/servidor\/wp-json\/wp\/v2\/users\/27"}],"replies":[{"embeddable":true,"href":"https:\/\/blogs.correiobraziliense.com.br\/servidor\/wp-json\/wp\/v2\/comments?post=4072"}],"version-history":[{"count":1,"href":"https:\/\/blogs.correiobraziliense.com.br\/servidor\/wp-json\/wp\/v2\/posts\/4072\/revisions"}],"predecessor-version":[{"id":4073,"href":"https:\/\/blogs.correiobraziliense.com.br\/servidor\/wp-json\/wp\/v2\/posts\/4072\/revisions\/4073"}],"wp:attachment":[{"href":"https:\/\/blogs.correiobraziliense.com.br\/servidor\/wp-json\/wp\/v2\/media?parent=4072"}],"wp:term":[{"taxonomy":"category","embeddable":true,"href":"https:\/\/blogs.correiobraziliense.com.br\/servidor\/wp-json\/wp\/v2\/categories?post=4072"},{"taxonomy":"post_tag","embeddable":true,"href":"https:\/\/blogs.correiobraziliense.com.br\/servidor\/wp-json\/wp\/v2\/tags?post=4072"}],"curies":[{"name":"wp","href":"https:\/\/api.w.org\/{rel}","templated":true}]}}