{"id":4056,"date":"2017-01-17T13:53:46","date_gmt":"2017-01-17T15:53:46","guid":{"rendered":"https:\/\/blogs.correiobraziliense.com.br\/servidor\/?p=4056"},"modified":"2017-01-17T13:53:46","modified_gmt":"2017-01-17T15:53:46","slug":"trabalhadores-da-heineken-de-jacarei-podem-entrar-em-greve-contra-corte-de-beneficio","status":"publish","type":"post","link":"https:\/\/blogs.correiobraziliense.com.br\/servidor\/trabalhadores-da-heineken-de-jacarei-podem-entrar-em-greve-contra-corte-de-beneficio\/","title":{"rendered":"Trabalhadores da Heineken de Jacare\u00ed podem entrar em greve contra corte de benef\u00edcio"},"content":{"rendered":"<p>Os trabalhadores da Heineken de Jacare\u00ed entraram em estado de greve nesta ter\u00e7a-feira (17), contra o corte no valor de um benef\u00edcio. A decis\u00e3o foi tomada em assembleia realizada pelo Sindicato dos Trabalhadores da Ind\u00fastria de Alimenta\u00e7\u00e3o de S\u00e3o Jos\u00e9 dos Campos e Regi\u00e3o (CSP-Conlutas).<\/p>\n<p>No in\u00edcio do ano a cervejaria anunciou a decis\u00e3o de diminuir a cota de produtos a que os trabalhadores t\u00eam direito e zerar a cota paga aos trabalhadores terceirizados. A decis\u00e3o foi tomada sem negocia\u00e7\u00e3o com o Sindicato.<\/p>\n<p>Todo m\u00eas, os trabalhadores da Heineken t\u00eam o direito a seis cotas de produtos fabricados na unidade a pre\u00e7o de custo \u2013 cada cota corresponde a uma caixa de 24 cervejas de 600 ml. No caso dos terceirizados, s\u00e3o cinco cotas. Em uma compara\u00e7\u00e3o com valor m\u00e9dio de mercado, o benef\u00edcio representa um incremento de aproximadamente R$ 450 mensais, no caso dos terceirizados.<\/p>\n<p>\u201cA decis\u00e3o da empresa representa um grave ataque ao direito dos terceirizados. A cota possibilita a estes trabalhadores o direito de consumir o produto produzido, o que seria imposs\u00edvel com o sal\u00e1rio pago pela empresa,\u201d afirma o diretor de imprensa do Sindicato da Alimenta\u00e7\u00e3o, Luciano Ant\u00f4nio da Silva.<\/p>\n","protected":false},"excerpt":{"rendered":"<p>Os trabalhadores da Heineken de Jacare\u00ed entraram em estado de greve nesta ter\u00e7a-feira (17), contra o corte no valor de um benef\u00edcio. A decis\u00e3o foi tomada em assembleia realizada pelo Sindicato dos Trabalhadores da Ind\u00fastria de Alimenta\u00e7\u00e3o de S\u00e3o Jos\u00e9 dos Campos e Regi\u00e3o (CSP-Conlutas). No in\u00edcio do ano a cervejaria anunciou a decis\u00e3o de diminuir a cota de produtos [&hellip;]<\/p>\n","protected":false},"author":27,"featured_media":0,"comment_status":"open","ping_status":"closed","sticky":false,"template":"","format":"standard","meta":{"footnotes":""},"categories":[2719],"tags":[852,258,15,1830,19],"class_list":["post-4056","post","type-post","status-publish","format-standard","hentry","category-servidor","tag-beneficios","tag-corte","tag-greve","tag-heineken","tag-trabalhadores"],"_links":{"self":[{"href":"https:\/\/blogs.correiobraziliense.com.br\/servidor\/wp-json\/wp\/v2\/posts\/4056","targetHints":{"allow":["GET"]}}],"collection":[{"href":"https:\/\/blogs.correiobraziliense.com.br\/servidor\/wp-json\/wp\/v2\/posts"}],"about":[{"href":"https:\/\/blogs.correiobraziliense.com.br\/servidor\/wp-json\/wp\/v2\/types\/post"}],"author":[{"embeddable":true,"href":"https:\/\/blogs.correiobraziliense.com.br\/servidor\/wp-json\/wp\/v2\/users\/27"}],"replies":[{"embeddable":true,"href":"https:\/\/blogs.correiobraziliense.com.br\/servidor\/wp-json\/wp\/v2\/comments?post=4056"}],"version-history":[{"count":1,"href":"https:\/\/blogs.correiobraziliense.com.br\/servidor\/wp-json\/wp\/v2\/posts\/4056\/revisions"}],"predecessor-version":[{"id":4057,"href":"https:\/\/blogs.correiobraziliense.com.br\/servidor\/wp-json\/wp\/v2\/posts\/4056\/revisions\/4057"}],"wp:attachment":[{"href":"https:\/\/blogs.correiobraziliense.com.br\/servidor\/wp-json\/wp\/v2\/media?parent=4056"}],"wp:term":[{"taxonomy":"category","embeddable":true,"href":"https:\/\/blogs.correiobraziliense.com.br\/servidor\/wp-json\/wp\/v2\/categories?post=4056"},{"taxonomy":"post_tag","embeddable":true,"href":"https:\/\/blogs.correiobraziliense.com.br\/servidor\/wp-json\/wp\/v2\/tags?post=4056"}],"curies":[{"name":"wp","href":"https:\/\/api.w.org\/{rel}","templated":true}]}}