{"id":4031,"date":"2017-01-11T12:50:11","date_gmt":"2017-01-11T14:50:11","guid":{"rendered":"https:\/\/blogs.correiobraziliense.com.br\/servidor\/?p=4031"},"modified":"2017-01-11T12:54:20","modified_gmt":"2017-01-11T14:54:20","slug":"faca-as-contas-quem-esta-deixando-de-pagar","status":"publish","type":"post","link":"https:\/\/blogs.correiobraziliense.com.br\/servidor\/faca-as-contas-quem-esta-deixando-de-pagar\/","title":{"rendered":"Fa\u00e7a as Contas: quem est\u00e1 deixando de pagar ?"},"content":{"rendered":"<p><em>Amauri Pinheiro*<\/em><\/p>\n<p>A Previd\u00eancia contribuiu com 43% da Receita da Uni\u00e3o em 2014 (consumiu 28%).<br \/>\nOu seja, da arrecada\u00e7\u00e3o total de R$ 1,3 trilh\u00e3o, a previd\u00eancia contribuiu com R$ 577 bilh\u00f5es, sendo R$ 363 bilh\u00f5es de contribui\u00e7\u00f5es diretas e R$ 213 bilh\u00f5es do Confins. Enquanto isto, a receita de IPI (produ\u00e7\u00e3o industrial) foi de R$ 57 bilh\u00f5es e o IR sobre rendimentos de capital rendeu \u00e0 Uni\u00e3o R$ 44 bilh\u00f5es.<\/p>\n<p><img decoding=\"async\" src=\"http:\/\/www.fenajufe.org.br\/images\/2016\/0000011111amauri.jpg\" alt=\"\" \/><\/p>\n<table>\n<tbody>\n<tr>\n<td width=\"700\"><strong>COFINS \u2013 CONTRIBUI\u00c7\u00c3O PARA O FINANCIAMENTO DA SEGURIDADE SOCIAL<\/strong><\/td>\n<\/tr>\n<tr>\n<td width=\"700\"><a href=\"http:\/\/www.portaltributario.com.br\/legislacao\/lc70.htm\">COFINS \u2013 Contribui\u00e7\u00e3o para Financiamento da Seguridade Social, institu\u00edda pela Lei Complementar 70 de 30\/12\/1991.<\/a><\/td>\n<\/tr>\n<tr>\n<td width=\"700\">A contribui\u00e7\u00e3o COFINS, atualmente, \u00e9 regida pela Lei 9.718\/98, com as altera\u00e7\u00f5es subsequentes.<\/td>\n<\/tr>\n<tr>\n<td width=\"700\"><strong>COFINS &#8211; CONTRIBUINTES<\/strong><\/td>\n<\/tr>\n<tr>\n<td width=\"700\"><a href=\"http:\/\/www.normaslegais.com.br\/legislacao\/lc123_2006.htm\">S\u00e3o contribuintes da COFINS as pessoas jur\u00eddicas de direito privado em geral, inclusive as pessoas a elas equiparadas pela legisla\u00e7\u00e3o do Imposto de Renda, exceto as microempresas e as empresas de pequeno porte optantes pelo Simples Nacional (LC 123\/2006).<\/a><\/td>\n<\/tr>\n<tr>\n<td width=\"700\"><strong>BASE DE C\u00c1LCULO<\/strong><\/td>\n<\/tr>\n<tr>\n<td width=\"700\"><a href=\"http:\/\/www.portaltributario.com.br\/legislacao\/lei9718.htm\">A partir de 01.02.1999, com a edi\u00e7\u00e3o da Lei 9.718\/98, a base de c\u00e1lculo da contribui\u00e7\u00e3o \u00e9 a totalidade das receitas auferidas pela pessoa jur\u00eddica, sendo irrelevante o tipo de atividade por ela exercida e a classifica\u00e7\u00e3o cont\u00e1bil adotada para as receitas.<\/a><\/td>\n<\/tr>\n<tr>\n<td width=\"700\"><strong>AL\u00cdQUOTAS<\/strong><\/td>\n<\/tr>\n<tr>\n<td width=\"700\"><a href=\"http:\/\/www.portaltributario.com.br\/guia\/clientes\/pis.htm\">COFINS: a al\u00edquota geral \u00e9 de 3% (a partir de 01.02.2001) ou 7,6% (a partir de 01.02.2004) na modalidade n\u00e3o cumulativa. Entretanto, para determinadas opera\u00e7\u00f5es, a al\u00edquota \u00e9 diferenciada (veja t\u00f3picos espec\u00edficos sobre al\u00edquotas de determinados setores, no Guia Tribut\u00e1rio On Line).<\/a><\/td>\n<\/tr>\n<tr>\n<td width=\"700\"><a href=\"http:\/\/www.portaltributario.com.br\/obras\/PIS-COFINS.htm\">Conhe\u00e7a tamb\u00e9m o Manual do PIS e COFINS.<\/a><\/td>\n<\/tr>\n<\/tbody>\n<\/table>\n<p>&nbsp;<\/p>\n<p>FONTE<br \/>\nPara encontrar os dados da mat\u00e9ria acesse o site e siga os passos:<\/p>\n<p>NO ARTIGO TODO PODER EMANA DO &#8230;<\/p>\n<p>H\u00c1 UM LINK QUANDO SE CLICA EM Despesas \u2013 Secretaria do Tesouro Nacional<\/p>\n<p>\u00c9 atrav\u00e9s dele que abro a fonte de informa\u00e7\u00f5es tanto do artigo abaixo, quanto do artigo sobre a Previd\u00eancia, que fiquei de enviar o link da fonte de dados.<\/p>\n<p><a href=\"http:\/\/www.fenajufe.org.br\/index.php\/imprensa\/artigos\/4276-todo-o-poder-emana-do\">http:\/\/www.fenajufe.org.br\/index.php\/imprensa\/artigos\/4276-todo-o-poder-emana-do<\/a><\/p>\n<p>&nbsp;<\/p>\n<p>Agora a proceda \u00e0 sele\u00e7\u00e3o ao lado<\/p>\n<p>Clique em confirmar sele\u00e7\u00e3o de s\u00e9ries<\/p>\n<p>Digite um per\u00edodo (aqui tem de tentar v\u00e1rias vezes at\u00e9 acetar o per\u00edodo de um ano)<\/p>\n<p>Clique em Exportar Dados \u2013 Os dados estar\u00e3o em uma planilha de excel<\/p>\n<p>Poder\u00e1 tamb\u00e9m fazer um gr\u00e1fico com as informa\u00e7\u00f5es solicitadas<\/p>\n<p><em>*Amauri Pinheiro,\u00a0T\u00e9cnico Judici\u00e1rio do TRT RJ<\/em><\/p>\n","protected":false},"excerpt":{"rendered":"<p>Amauri Pinheiro* A Previd\u00eancia contribuiu com 43% da Receita da Uni\u00e3o em 2014 (consumiu 28%). Ou seja, da arrecada\u00e7\u00e3o total de R$ 1,3 trilh\u00e3o, a previd\u00eancia contribuiu com R$ 577 bilh\u00f5es, sendo R$ 363 bilh\u00f5es de contribui\u00e7\u00f5es diretas e R$ 213 bilh\u00f5es do Confins. Enquanto isto, a receita de IPI (produ\u00e7\u00e3o industrial) foi de R$ 57 bilh\u00f5es e o IR [&hellip;]<\/p>\n","protected":false},"author":27,"featured_media":0,"comment_status":"open","ping_status":"closed","sticky":false,"template":"","format":"standard","meta":{"footnotes":""},"categories":[2719],"tags":[4798,4796,2278,2488,4797,447,549,461,330],"class_list":["post-4031","post","type-post","status-publish","format-standard","hentry","category-servidor","tag-aliquotas","tag-cofins","tag-contas","tag-contribuicoes","tag-ipi","tag-ir","tag-previdencia","tag-receita","tag-uniao"],"_links":{"self":[{"href":"https:\/\/blogs.correiobraziliense.com.br\/servidor\/wp-json\/wp\/v2\/posts\/4031","targetHints":{"allow":["GET"]}}],"collection":[{"href":"https:\/\/blogs.correiobraziliense.com.br\/servidor\/wp-json\/wp\/v2\/posts"}],"about":[{"href":"https:\/\/blogs.correiobraziliense.com.br\/servidor\/wp-json\/wp\/v2\/types\/post"}],"author":[{"embeddable":true,"href":"https:\/\/blogs.correiobraziliense.com.br\/servidor\/wp-json\/wp\/v2\/users\/27"}],"replies":[{"embeddable":true,"href":"https:\/\/blogs.correiobraziliense.com.br\/servidor\/wp-json\/wp\/v2\/comments?post=4031"}],"version-history":[{"count":3,"href":"https:\/\/blogs.correiobraziliense.com.br\/servidor\/wp-json\/wp\/v2\/posts\/4031\/revisions"}],"predecessor-version":[{"id":4034,"href":"https:\/\/blogs.correiobraziliense.com.br\/servidor\/wp-json\/wp\/v2\/posts\/4031\/revisions\/4034"}],"wp:attachment":[{"href":"https:\/\/blogs.correiobraziliense.com.br\/servidor\/wp-json\/wp\/v2\/media?parent=4031"}],"wp:term":[{"taxonomy":"category","embeddable":true,"href":"https:\/\/blogs.correiobraziliense.com.br\/servidor\/wp-json\/wp\/v2\/categories?post=4031"},{"taxonomy":"post_tag","embeddable":true,"href":"https:\/\/blogs.correiobraziliense.com.br\/servidor\/wp-json\/wp\/v2\/tags?post=4031"}],"curies":[{"name":"wp","href":"https:\/\/api.w.org\/{rel}","templated":true}]}}