{"id":4027,"date":"2017-01-10T18:34:41","date_gmt":"2017-01-10T20:34:41","guid":{"rendered":"https:\/\/blogs.correiobraziliense.com.br\/servidor\/?p=4027"},"modified":"2017-01-10T18:34:41","modified_gmt":"2017-01-10T20:34:41","slug":"sindilegis-coalisao-entre-centrais-e-entidades-para-impedir-reforma-da-previdencia","status":"publish","type":"post","link":"https:\/\/blogs.correiobraziliense.com.br\/servidor\/sindilegis-coalisao-entre-centrais-e-entidades-para-impedir-reforma-da-previdencia\/","title":{"rendered":"Sindilegis &#8211; coalis\u00e3o entre centrais e entidades para impedir a Reforma da Previd\u00eancia"},"content":{"rendered":"<p><em>O Sindicato informou que est\u00e1 coordenando um grande movimento aliado a uma forte campanha na m\u00eddia para combater a PEC da Reforma. A primeira reuni\u00e3o ser\u00e1 na Comiss\u00e3o de Legisla\u00e7\u00e3o Participativa da C\u00e2mara dos Deputados (CLP), a convite do seu presidente, deputado Chico Lopes (PCdoB\/CE), nesta quarta-feira (11), no Plen\u00e1rio 3, a partir das 14h30.\u00a0<\/em><\/p>\n<p>Como o slogan \u201cA previd\u00eancia \u00e9 nossa. Uni\u00e3o contra a Reforma!\u201d, o Sindilegis inicia o movimento de mobiliza\u00e7\u00e3o contra a atual proposta do governo de mudar as regras de aposentadoria dos trabalhadores e servidores p\u00fablicos (PEC 287\/2016). &#8220;Al\u00e9m do Sindicato, outras 50 entidades do F\u00f3rum Nacional das Carreiras T\u00edpicas de Estado (Fonacate), confedera\u00e7\u00f5es, federa\u00e7\u00f5es, a P\u00fablica-Central do Servidor e outras centrais sindicais unem for\u00e7as para derrubar a PEC e mostrar para a sociedade a fal\u00e1cia do rombo da Previd\u00eancia&#8221;, destacou a nota.<\/p>\n<p>No in\u00edcio do ano, os dirigentes sindicais formaram uma comiss\u00e3o e t\u00eam realizado diversas reuni\u00f5es internas, para tra\u00e7ar estrat\u00e9gias de comunica\u00e7\u00e3o e atua\u00e7\u00e3o. \u201cA participa\u00e7\u00e3o de todos nessa corrente \u00e9 fundamental para o sucesso do movimento contra a Reforma\u201d, afirma presidente do Sindilegis, Nilton Paix\u00e3o.<\/p>\n<p>O presidente eleito para o pr\u00f3ximo mandato, Petrus Elesb\u00e3o, tamb\u00e9m refor\u00e7ou a import\u00e2ncia da coaliz\u00e3o, &#8220;estamos diante de uma crise sem precedentes e s\u00f3 com a uni\u00e3o de todos os setores da sociedade civil seremos vitoriosos&#8221;.<\/p>\n<p><strong>Outras a\u00e7\u00f5es<\/strong> \u2013 Al\u00e9m da reuni\u00e3o com o presidente da Comiss\u00e3o, deputado Chico Lopes, outras atividades e atos p\u00fablicos est\u00e3o sendo definidos para reunir o m\u00e1ximo de pessoas contra da Reforma da Previd\u00eancia. Em breve outras a\u00e7\u00f5es ser\u00e3o divulgadas.<\/p>\n","protected":false},"excerpt":{"rendered":"<p>O Sindicato informou que est\u00e1 coordenando um grande movimento aliado a uma forte campanha na m\u00eddia para combater a PEC da Reforma. A primeira reuni\u00e3o ser\u00e1 na Comiss\u00e3o de Legisla\u00e7\u00e3o Participativa da C\u00e2mara dos Deputados (CLP), a convite do seu presidente, deputado Chico Lopes (PCdoB\/CE), nesta quarta-feira (11), no Plen\u00e1rio 3, a partir das 14h30.\u00a0 Como o slogan \u201cA previd\u00eancia [&hellip;]<\/p>\n","protected":false},"author":27,"featured_media":0,"comment_status":"open","ping_status":"closed","sticky":false,"template":"","format":"standard","meta":{"footnotes":""},"categories":[2719],"tags":[61,1259,4795,4794,73,82,455,4662,549,711,1260,634],"class_list":["post-4027","post","type-post","status-publish","format-standard","hentry","category-servidor","tag-camara","tag-centrais","tag-clp","tag-coalisao","tag-entidades","tag-fonacate","tag-impedir","tag-pec-2872016","tag-previdencia","tag-reforma","tag-sindicais","tag-sindilegis"],"_links":{"self":[{"href":"https:\/\/blogs.correiobraziliense.com.br\/servidor\/wp-json\/wp\/v2\/posts\/4027","targetHints":{"allow":["GET"]}}],"collection":[{"href":"https:\/\/blogs.correiobraziliense.com.br\/servidor\/wp-json\/wp\/v2\/posts"}],"about":[{"href":"https:\/\/blogs.correiobraziliense.com.br\/servidor\/wp-json\/wp\/v2\/types\/post"}],"author":[{"embeddable":true,"href":"https:\/\/blogs.correiobraziliense.com.br\/servidor\/wp-json\/wp\/v2\/users\/27"}],"replies":[{"embeddable":true,"href":"https:\/\/blogs.correiobraziliense.com.br\/servidor\/wp-json\/wp\/v2\/comments?post=4027"}],"version-history":[{"count":1,"href":"https:\/\/blogs.correiobraziliense.com.br\/servidor\/wp-json\/wp\/v2\/posts\/4027\/revisions"}],"predecessor-version":[{"id":4028,"href":"https:\/\/blogs.correiobraziliense.com.br\/servidor\/wp-json\/wp\/v2\/posts\/4027\/revisions\/4028"}],"wp:attachment":[{"href":"https:\/\/blogs.correiobraziliense.com.br\/servidor\/wp-json\/wp\/v2\/media?parent=4027"}],"wp:term":[{"taxonomy":"category","embeddable":true,"href":"https:\/\/blogs.correiobraziliense.com.br\/servidor\/wp-json\/wp\/v2\/categories?post=4027"},{"taxonomy":"post_tag","embeddable":true,"href":"https:\/\/blogs.correiobraziliense.com.br\/servidor\/wp-json\/wp\/v2\/tags?post=4027"}],"curies":[{"name":"wp","href":"https:\/\/api.w.org\/{rel}","templated":true}]}}