{"id":4025,"date":"2017-01-10T16:04:52","date_gmt":"2017-01-10T18:04:52","guid":{"rendered":"https:\/\/blogs.correiobraziliense.com.br\/servidor\/?p=4025"},"modified":"2017-01-10T16:04:52","modified_gmt":"2017-01-10T18:04:52","slug":"um-ano-perdido","status":"publish","type":"post","link":"https:\/\/blogs.correiobraziliense.com.br\/servidor\/um-ano-perdido\/","title":{"rendered":"Um ano perdido?"},"content":{"rendered":"<p><em>Mas essa marca calcada sobre 2016 ser\u00e1 justa? Ter\u00e3o sido mesmo doze meses somente de m\u00e1s not\u00edcias?\u00a0A resposta \u00e9 n\u00e3o:\u00a02016 n\u00e3o foi um ano totalmente perdido, pois os primeiros passos foram dados rumo \u00e0 dire\u00e7\u00e3o correta<\/em><\/p>\n<p><em>Luiz Gonzaga Bertelli*<\/em><\/p>\n<p>J\u00e1 \u00e9 tradi\u00e7\u00e3o na virada do ano que os analistas se debrucem sobre o balan\u00e7o dos doze meses que se passaram e arrisquem previs\u00f5es para per\u00edodo dos 365 dias que se inicia. Tamb\u00e9m \u00e9 praxe que a grande maioria pince os eventos, dados e resultados mais sombrios do ano que passou e usem os mesmos \u00f3culos acinzentados para projetar o futuro imediato.<\/p>\n<p>Entretanto, como em tudo na vida, \u00e9 necess\u00e1rio usar uma boa dose de equil\u00edbrio tanto ao olhar o passado quanto ao que se esperar no novo ano. Sen\u00e3o, vejamos. Parece que 2016 dificilmente se livrar\u00e1 do estigma que o marca como o pior ano da hist\u00f3ria recente do pa\u00eds, carregando uma bagagem extremamente negativa: impeachment da presidente da Rep\u00fablica, enxurrada de den\u00fancias de corrup\u00e7\u00e3o e de pris\u00e3o de lideran\u00e7as pol\u00edticas e empresariais, taxas recordes de desemprego, aumento da viol\u00eancia, al\u00e9m de tr\u00e1gicos acidentes, como a queda do avi\u00e3o da Chapecoense.<\/p>\n<p>Mas essa marca calcada sobre 2016 ser\u00e1 justa? Ter\u00e3o sido mesmo doze meses somente de m\u00e1s not\u00edcias?<\/p>\n<p>A resposta \u00e9 n\u00e3o, pois \u00e9 preciso colocar na balan\u00e7a fatos como a tranquila elei\u00e7\u00e3o de novos prefeitos e vereadores, com surpresas que podem se revelar ben\u00e9ficas. Isso, se se concretizarem as promessas de cortes de despesas sup\u00e9rfluas e busca de efici\u00eancia no servi\u00e7o p\u00fablico. Vale tamb\u00e9m incluir na cesta dos pontos positivos a desacelera\u00e7\u00e3o da infla\u00e7\u00e3o; a a\u00e7\u00e3o da justi\u00e7a contra a corrup\u00e7\u00e3o e a sangria dos cofres p\u00fablicos; o sucesso da Olimp\u00edada do Rio.<\/p>\n<p>E o envio ao Congresso de reformas h\u00e1 muito reivindicadas por quem quer ver o Brasil ingressar na t\u00e3o sonhada fase de desenvolvimento sustent\u00e1vel. Entre elas, a fixa\u00e7\u00e3o de um teto para adequar os gastos p\u00fablicos \u00e0 receita dos munic\u00edpios, estados e Uni\u00e3o; a mudan\u00e7a no curr\u00edculo do ensino m\u00e9dio, com um olhar para o mercado de trabalho; as altera\u00e7\u00f5es para conter o crescente d\u00e9ficit da Previd\u00eancia Social.<\/p>\n<p>Como se v\u00ea, 2016 n\u00e3o foi um ano totalmente perdido, pois os primeiros passos foram dados rumo \u00e0 dire\u00e7\u00e3o correta. Mas o caminho \u00e9 longo e ainda h\u00e1 muito ch\u00e3o a percorrer.<\/p>\n<p><em>*Luiz Gonzaga Bertelli \u00e9 presidente do Conselho de Administra\u00e7\u00e3o do CIEE<\/em><\/p>\n","protected":false},"excerpt":{"rendered":"<p>Mas essa marca calcada sobre 2016 ser\u00e1 justa? Ter\u00e3o sido mesmo doze meses somente de m\u00e1s not\u00edcias?\u00a0A resposta \u00e9 n\u00e3o:\u00a02016 n\u00e3o foi um ano totalmente perdido, pois os primeiros passos foram dados rumo \u00e0 dire\u00e7\u00e3o correta Luiz Gonzaga Bertelli* J\u00e1 \u00e9 tradi\u00e7\u00e3o na virada do ano que os analistas se debrucem sobre o balan\u00e7o dos doze meses que se passaram [&hellip;]<\/p>\n","protected":false},"author":27,"featured_media":0,"comment_status":"open","ping_status":"closed","sticky":false,"template":"","format":"standard","meta":{"footnotes":""},"categories":[2719],"tags":[639,205,4484,1169,240,260,4793,4792,549,711,642],"class_list":["post-4025","post","type-post","status-publish","format-standard","hentry","category-servidor","tag-ano","tag-corrupcao","tag-direcao","tag-gastos","tag-inflacao","tag-justica","tag-passos","tag-perdido","tag-previdencia","tag-reforma","tag-teto"],"_links":{"self":[{"href":"https:\/\/blogs.correiobraziliense.com.br\/servidor\/wp-json\/wp\/v2\/posts\/4025","targetHints":{"allow":["GET"]}}],"collection":[{"href":"https:\/\/blogs.correiobraziliense.com.br\/servidor\/wp-json\/wp\/v2\/posts"}],"about":[{"href":"https:\/\/blogs.correiobraziliense.com.br\/servidor\/wp-json\/wp\/v2\/types\/post"}],"author":[{"embeddable":true,"href":"https:\/\/blogs.correiobraziliense.com.br\/servidor\/wp-json\/wp\/v2\/users\/27"}],"replies":[{"embeddable":true,"href":"https:\/\/blogs.correiobraziliense.com.br\/servidor\/wp-json\/wp\/v2\/comments?post=4025"}],"version-history":[{"count":1,"href":"https:\/\/blogs.correiobraziliense.com.br\/servidor\/wp-json\/wp\/v2\/posts\/4025\/revisions"}],"predecessor-version":[{"id":4026,"href":"https:\/\/blogs.correiobraziliense.com.br\/servidor\/wp-json\/wp\/v2\/posts\/4025\/revisions\/4026"}],"wp:attachment":[{"href":"https:\/\/blogs.correiobraziliense.com.br\/servidor\/wp-json\/wp\/v2\/media?parent=4025"}],"wp:term":[{"taxonomy":"category","embeddable":true,"href":"https:\/\/blogs.correiobraziliense.com.br\/servidor\/wp-json\/wp\/v2\/categories?post=4025"},{"taxonomy":"post_tag","embeddable":true,"href":"https:\/\/blogs.correiobraziliense.com.br\/servidor\/wp-json\/wp\/v2\/tags?post=4025"}],"curies":[{"name":"wp","href":"https:\/\/api.w.org\/{rel}","templated":true}]}}