{"id":3990,"date":"2016-12-27T14:51:03","date_gmt":"2016-12-27T16:51:03","guid":{"rendered":"https:\/\/blogs.correiobraziliense.com.br\/servidor\/?p=3990"},"modified":"2016-12-27T14:51:03","modified_gmt":"2016-12-27T16:51:03","slug":"governo-destina-mais-de-r-35-bilhoes-ao-desenvolvimento-regional-em-2017","status":"publish","type":"post","link":"https:\/\/blogs.correiobraziliense.com.br\/servidor\/governo-destina-mais-de-r-35-bilhoes-ao-desenvolvimento-regional-em-2017\/","title":{"rendered":"Governo destina mais de R$ 35 bilh\u00f5es ao desenvolvimento regional em 2017"},"content":{"rendered":"<p><i><span style=\"font-size: 14pt;font-family: 'Cambria','serif';color: #222222\">CMN derruba taxas de juros dos fundos em at\u00e9 19,47%<\/span><\/i><\/p>\n<p>O governo est\u00e1 destinando pelo menos R$ 35,3 bilh\u00f5es para projetos nas regi\u00f5es Norte, Nordeste e Centro-Oeste ao longo de 2017. Este valor poder\u00e1 chegar a R$ 38,78 bi, se o Congresso Nacional aprovar os pedidos do Minist\u00e9rio da Integra\u00e7\u00e3o para o or\u00e7amento de 2017.<\/p>\n<p>Outra boa not\u00edcia \u00e9 que o Conselho Monet\u00e1rio Nacional (CMN) promoveu, em reuni\u00e3o na \u00faltima quarta-feira (21), uma das mais significativas redu\u00e7\u00f5es de taxas juros da hist\u00f3ria, para linhas de financiamentos federais: queda de at\u00e9 19,4%, para pequenos e m\u00e9dios investidores. Para se ter uma ideia do que isso representa, o CMN n\u00e3o reduziu a Taxa de Juros de Longo Prazo (TJLP), que \u00e9 a taxa cobrada pelo Banco Nacional do Desenvolvimento (BNDES) em seus empr\u00e9stimos para empresas, que permaneceu em 7,5% ao ano.<\/p>\n<p>\u201cEstas medidas refor\u00e7am o compromisso do Presidente Temer com o desenvolvimento sustent\u00e1vel das regi\u00f5es Norte, Nordeste e Centro-Oeste\u201d, diz o ministro da Integra\u00e7\u00e3o Nacional, Helder Barbalho.<\/p>\n<p>A dota\u00e7\u00e3o dos Fundos Constitucionais de Financiamento subir\u00e1 dos atuais R$ 28,75 bi (2016) para R$ 35,34 bilh\u00f5es (2017). Isso representa alta de 22,9%. S\u00e3o tr\u00eas os\u00a0fundos Constitucionais de Financiamento: do Norte (FNO), Nordeste (FNE) e Centro-Oeste (FCO).<strong><br \/>\n<\/strong><\/p>\n<p><strong>Veja tabela com or\u00e7amento 2017:<\/strong><\/p>\n<p>&nbsp;<\/p>\n<p>&nbsp;<\/p>\n<p><strong>Veja tabelas dos Juros dos Fundos:<\/strong><\/p>\n<p>&nbsp;<\/p>\n<p>&nbsp;<\/p>\n<p>Como exemplo do que essas taxas representam, o custo efetivo para um pequeno investidor dos fundos regionais nas regi\u00f5es Norte e Nordeste, n\u00e3o ultrapassa 7,6% ao ano. J\u00e1 no BNDES, esses custos, em m\u00e9dia, ficam em 11,85% ao ano. A Resolu\u00e7\u00e3o com as novas taxas que entram em vigor a partir de janeiro de 2017 dever\u00e1 ser publicada nos pr\u00f3ximos dias no Di\u00e1rio Oficial da Uni\u00e3o.<\/p>\n<p>A programa\u00e7\u00e3o financeira dos Fundos Constitucionais Regionais e mudan\u00e7as nas regras para financiamento tamb\u00e9m foram definidas nas \u00faltimas semanas. A partir de agora, por exemplo, empresas tamb\u00e9m podem tomar recursos dos Fundos Constitucionais para capital de giro destinado a gastos gerais e administrativos como aluguel, folha de pagamento, despesas com \u00e1gua, energia e telefone. At\u00e9 ent\u00e3o, esses investimentos limitavam-se \u00e0 aquisi\u00e7\u00e3o de insumos, mat\u00e9ria-prima e forma\u00e7\u00e3o de estoque. A medida representa condi\u00e7\u00f5es estrat\u00e9gicas para garantir a sustentabilidade de empreendimentos, desde pequeno porte a m\u00e9dias e grandes empresas.<\/p>\n<p>J\u00e1 a dota\u00e7\u00e3o dos Fundos de Desenvolvimento Regionais depende de aprova\u00e7\u00e3o do Congresso Nacional. O pedido do Minist\u00e9rio da Integra\u00e7\u00e3o Nacional \u00e9 de uma verba de R$ 3,44 bilh\u00f5es<\/p>\n<p><strong>\u00a0Debate ampliado<\/strong><\/p>\n<p>A defini\u00e7\u00e3o de regras e prioridades para investimentos dos Fundos Constitucionais e os Fundos de Desenvolvimento \u00e9 constru\u00edda de forma coletiva, ano a ano, envolvendo o Governo Federal, os estados de cada regi\u00e3o, os bancos operadores de\u00a0cr\u00e9dito e representantes do setor produtivo. Para aprimorar o desempenho dos Fundos, o Minist\u00e9rio da Integra\u00e7\u00e3o Nacional tem ampliado o debate a partir de uma agenda estrat\u00e9gica junto \u00e0s superintend\u00eancias de desenvolvimento do Centro-Oeste (Sudeco), da Amaz\u00f4nia (Sudam) e do Nordeste (Sudene).<\/p>\n<p>\u201cNosso objetivo \u00e9 desburocratizar os tr\u00e2mites para acesso aos recursos. Para isso, criamos Grupos de Trabalho com a composi\u00e7\u00e3o plural de membros da sociedade, do Governo Federal e dos Estados\u201d, pontuou o ministro Helder Barbalho ao frisar que as discuss\u00f5es t\u00eam trazido resultados concretos \u00e0 gest\u00e3o.<\/p>\n","protected":false},"excerpt":{"rendered":"<p>CMN derruba taxas de juros dos fundos em at\u00e9 19,47% O governo est\u00e1 destinando pelo menos R$ 35,3 bilh\u00f5es para projetos nas regi\u00f5es Norte, Nordeste e Centro-Oeste ao longo de 2017. Este valor poder\u00e1 chegar a R$ 38,78 bi, se o Congresso Nacional aprovar os pedidos do Minist\u00e9rio da Integra\u00e7\u00e3o para o or\u00e7amento de 2017. Outra boa not\u00edcia \u00e9 que [&hellip;]<\/p>\n","protected":false},"author":27,"featured_media":0,"comment_status":"open","ping_status":"closed","sticky":false,"template":"","format":"standard","meta":{"footnotes":""},"categories":[2719],"tags":[2739,4753,3024,4750,3355,4757,4756,4755,218,98,1102,3588,4752,4751,816,3025,4754],"class_list":["post-3990","post","type-post","status-publish","format-standard","hentry","category-servidor","tag-bndes","tag-centro-oest","tag-cmn","tag-derruba","tag-desenvolvimento","tag-fco","tag-fne","tag-fno","tag-fundos","tag-governo","tag-juros","tag-ministerio-da-integracao","tag-nordeste","tag-norte","tag-regional","tag-taxas","tag-tjlp"],"_links":{"self":[{"href":"https:\/\/blogs.correiobraziliense.com.br\/servidor\/wp-json\/wp\/v2\/posts\/3990","targetHints":{"allow":["GET"]}}],"collection":[{"href":"https:\/\/blogs.correiobraziliense.com.br\/servidor\/wp-json\/wp\/v2\/posts"}],"about":[{"href":"https:\/\/blogs.correiobraziliense.com.br\/servidor\/wp-json\/wp\/v2\/types\/post"}],"author":[{"embeddable":true,"href":"https:\/\/blogs.correiobraziliense.com.br\/servidor\/wp-json\/wp\/v2\/users\/27"}],"replies":[{"embeddable":true,"href":"https:\/\/blogs.correiobraziliense.com.br\/servidor\/wp-json\/wp\/v2\/comments?post=3990"}],"version-history":[{"count":1,"href":"https:\/\/blogs.correiobraziliense.com.br\/servidor\/wp-json\/wp\/v2\/posts\/3990\/revisions"}],"predecessor-version":[{"id":3991,"href":"https:\/\/blogs.correiobraziliense.com.br\/servidor\/wp-json\/wp\/v2\/posts\/3990\/revisions\/3991"}],"wp:attachment":[{"href":"https:\/\/blogs.correiobraziliense.com.br\/servidor\/wp-json\/wp\/v2\/media?parent=3990"}],"wp:term":[{"taxonomy":"category","embeddable":true,"href":"https:\/\/blogs.correiobraziliense.com.br\/servidor\/wp-json\/wp\/v2\/categories?post=3990"},{"taxonomy":"post_tag","embeddable":true,"href":"https:\/\/blogs.correiobraziliense.com.br\/servidor\/wp-json\/wp\/v2\/tags?post=3990"}],"curies":[{"name":"wp","href":"https:\/\/api.w.org\/{rel}","templated":true}]}}