{"id":3986,"date":"2016-12-26T19:02:13","date_gmt":"2016-12-26T21:02:13","guid":{"rendered":"https:\/\/blogs.correiobraziliense.com.br\/servidor\/?p=3986"},"modified":"2016-12-26T19:02:13","modified_gmt":"2016-12-26T21:02:13","slug":"governo-divulga-relatorio-de-avaliacao-de-receitas-e-despesas-primarias","status":"publish","type":"post","link":"https:\/\/blogs.correiobraziliense.com.br\/servidor\/governo-divulga-relatorio-de-avaliacao-de-receitas-e-despesas-primarias\/","title":{"rendered":"Governo divulga Relat\u00f3rio de Avalia\u00e7\u00e3o de Receitas e Despesas Prim\u00e1rias"},"content":{"rendered":"<p><em>Divulga\u00e7\u00e3o atualiza informa\u00e7\u00f5es com a reparti\u00e7\u00e3o da multa de repatria\u00e7\u00e3o com os estados e munic\u00edpios<\/em><\/p>\n<p>O Governo Federal encaminhou, na \u00faltima sexta-feira (23), ao Congresso Nacional e aos demais Poderes, Minist\u00e9rio P\u00fablico da Uni\u00e3o (MPU) e Defensoria P\u00fablica da Uni\u00e3o (DPU), o Relat\u00f3rio de Avalia\u00e7\u00e3o de Receitas e Despesas Prim\u00e1rias Extempor\u00e2neo. O documento foi publicado por meio do <a href=\"http:\/\/pesquisa.in.gov.br\/imprensa\/jsp\/visualiza\/index.jsp?data=26\/12\/2016&amp;jornal=1000&amp;pagina=1&amp;totalArquivos=2\">Decreto n\u00ba 8.941<\/a>, em edi\u00e7\u00e3o extra do Di\u00e1rio Oficial de hoje (26). Com a arrecada\u00e7\u00e3o de novembro e a edi\u00e7\u00e3o da <a href=\"http:\/\/www.planalto.gov.br\/ccivil_03\/_Ato2015-2018\/2016\/Mpv\/mpv753.htm\">Medida Provis\u00f3ria n\u00ba 753\/2016<\/a>, que altera o art. 8\u00ba da <a href=\"http:\/\/www.planalto.gov.br\/ccivil_03\/_Ato2015-2018\/2016\/Lei\/l13254.htm\">Lei n\u00ba 13.254\/2016<\/a>, a chamada lei da repatria\u00e7\u00e3o, foram reavaliadas as estimativas das receitas e despesas prim\u00e1rias do governo federal. A MP determinou a reparti\u00e7\u00e3o da multa da repatria\u00e7\u00e3o com os estados e os munic\u00edpios.<\/p>\n<p>Em rela\u00e7\u00e3o \u00e0s receitas prim\u00e1rias federais, a arrecada\u00e7\u00e3o de novembro foi maior em compara\u00e7\u00e3o \u00e0 previs\u00e3o anterior. Destaque para a eleva\u00e7\u00e3o das receitas do Imposto de Importa\u00e7\u00e3o, CSLL, IOF, e ainda das receitas com Cota-Parte das Compensa\u00e7\u00f5es Financeiras, Concess\u00f5es e Permiss\u00f5es e de outras diversas taxas.<\/p>\n<p>Ao considerar os efeitos da <a href=\"http:\/\/www.planalto.gov.br\/ccivil_03\/_Ato2015-2018\/2016\/Mpv\/mpv753.htm\">MP n\u00ba 753\/2016<\/a>, houve eleva\u00e7\u00e3o nas transfer\u00eancias aos Fundos de Participa\u00e7\u00e3o dos Estados, DF e Munic\u00edpios \u2013 FPE e FPM e aos Fundos Constitucionais do Norte, Nordeste e Centro-Oeste \u2013 FNO, FNE e FCO. Como resultado, h\u00e1 queda na proje\u00e7\u00e3o da receita l\u00edquida de transfer\u00eancias em R$ 6,7 bilh\u00f5es.<\/p>\n<p>Pelo lado das despesas obrigat\u00f3rias, h\u00e1 redu\u00e7\u00e3o em R$ 12 bilh\u00f5es em rela\u00e7\u00e3o \u00e0 avalia\u00e7\u00e3o anterior. Parte desse valor, no entanto, refere-se meramente ao remanejamento do valor de R$ 5 bilh\u00f5es para o item de transfer\u00eancias ao FPE propriamente dito, antes considerado em senten\u00e7as judiciais pelas liminares concedidas aos estados e ao DF nas A\u00e7\u00f5es C\u00edveis Origin\u00e1rias por eles impetradas, para transfer\u00eancias das multas da repatria\u00e7\u00e3o.<\/p>\n<p>O restante da redu\u00e7\u00e3o da despesa refere-se \u00e0 reprograma\u00e7\u00e3o de pagamentos de despesas com pessoal, subs\u00eddios e subven\u00e7\u00f5es e cr\u00e9ditos extraordin\u00e1rios, em fun\u00e7\u00e3o das reais necessidades apontadas at\u00e9 o momento.<\/p>\n<p>Dada a entrada de recursos para os estados e munic\u00edpios, oriunda das transfer\u00eancias incidentes sobre as multas da repatria\u00e7\u00e3o, n\u00e3o ser\u00e1 mais necess\u00e1ria compensa\u00e7\u00e3o, por parte do Governo Central, da meta de resultado prim\u00e1rio fixada para esses entes na LDO-2016. Desse modo, essa compensa\u00e7\u00e3o, no valor de R$ 1 bilh\u00e3o, constante do relat\u00f3rio anterior, foi removida, restando apenas R$ 2,8 bilh\u00f5es relativos \u00e0s estatais federais. A autoriza\u00e7\u00e3o para a exist\u00eancia desse tipo de compensa\u00e7\u00e3o consta do \u00a7 3\u00ba do art. 2\u00ba da LDO-2016.<\/p>\n<p>Desse modo, a partir dessa reavalia\u00e7\u00e3o de receitas e despesas prim\u00e1rias mostrou-se poss\u00edvel a amplia\u00e7\u00e3o das despesas discricion\u00e1rias, no montante abaixo especificado:<\/p>\n<p>&nbsp;<\/p>\n<p>De modo a operacionalizar o resultado da avalia\u00e7\u00e3o deste relat\u00f3rio, ser\u00e1 publicado tamb\u00e9m Decreto de Programa\u00e7\u00e3o, com a reserva que possibilita amplia\u00e7\u00e3o para os limites de pagamentos acrescida em R$ 6,4 bilh\u00f5es, conforme indicado.<\/p>\n<p>&nbsp;<\/p>\n<p>A estimativa para os par\u00e2metros econ\u00f4micos se manteve em rela\u00e7\u00e3o \u00e0 avalia\u00e7\u00e3o anterior:<\/p>\n<p>&nbsp;<\/p>\n<p>&nbsp;<\/p>\n","protected":false},"excerpt":{"rendered":"<p>Divulga\u00e7\u00e3o atualiza informa\u00e7\u00f5es com a reparti\u00e7\u00e3o da multa de repatria\u00e7\u00e3o com os estados e munic\u00edpios O Governo Federal encaminhou, na \u00faltima sexta-feira (23), ao Congresso Nacional e aos demais Poderes, Minist\u00e9rio P\u00fablico da Uni\u00e3o (MPU) e Defensoria P\u00fablica da Uni\u00e3o (DPU), o Relat\u00f3rio de Avalia\u00e7\u00e3o de Receitas e Despesas Prim\u00e1rias Extempor\u00e2neo. O documento foi publicado por meio do Decreto n\u00ba [&hellip;]<\/p>\n","protected":false},"author":27,"featured_media":0,"comment_status":"open","ping_status":"closed","sticky":false,"template":"","format":"standard","meta":{"footnotes":""},"categories":[2719],"tags":[1430,863,235,943,98,405,944,4745,326,4031,4746,4415],"class_list":["post-3986","post","type-post","status-publish","format-standard","hentry","category-servidor","tag-atualiza","tag-avaliacao","tag-despesas","tag-estados","tag-governo","tag-multa","tag-municipios","tag-primarias","tag-receitas","tag-relatorio","tag-reparticao","tag-repatriacao"],"_links":{"self":[{"href":"https:\/\/blogs.correiobraziliense.com.br\/servidor\/wp-json\/wp\/v2\/posts\/3986","targetHints":{"allow":["GET"]}}],"collection":[{"href":"https:\/\/blogs.correiobraziliense.com.br\/servidor\/wp-json\/wp\/v2\/posts"}],"about":[{"href":"https:\/\/blogs.correiobraziliense.com.br\/servidor\/wp-json\/wp\/v2\/types\/post"}],"author":[{"embeddable":true,"href":"https:\/\/blogs.correiobraziliense.com.br\/servidor\/wp-json\/wp\/v2\/users\/27"}],"replies":[{"embeddable":true,"href":"https:\/\/blogs.correiobraziliense.com.br\/servidor\/wp-json\/wp\/v2\/comments?post=3986"}],"version-history":[{"count":1,"href":"https:\/\/blogs.correiobraziliense.com.br\/servidor\/wp-json\/wp\/v2\/posts\/3986\/revisions"}],"predecessor-version":[{"id":3987,"href":"https:\/\/blogs.correiobraziliense.com.br\/servidor\/wp-json\/wp\/v2\/posts\/3986\/revisions\/3987"}],"wp:attachment":[{"href":"https:\/\/blogs.correiobraziliense.com.br\/servidor\/wp-json\/wp\/v2\/media?parent=3986"}],"wp:term":[{"taxonomy":"category","embeddable":true,"href":"https:\/\/blogs.correiobraziliense.com.br\/servidor\/wp-json\/wp\/v2\/categories?post=3986"},{"taxonomy":"post_tag","embeddable":true,"href":"https:\/\/blogs.correiobraziliense.com.br\/servidor\/wp-json\/wp\/v2\/tags?post=3986"}],"curies":[{"name":"wp","href":"https:\/\/api.w.org\/{rel}","templated":true}]}}