{"id":3981,"date":"2016-12-23T19:17:51","date_gmt":"2016-12-23T21:17:51","guid":{"rendered":"https:\/\/blogs.correiobraziliense.com.br\/servidor\/?p=3981"},"modified":"2016-12-23T19:17:51","modified_gmt":"2016-12-23T21:17:51","slug":"valor-do-seguro-dpvat-sera-37-menor-em-2017","status":"publish","type":"post","link":"https:\/\/blogs.correiobraziliense.com.br\/servidor\/valor-do-seguro-dpvat-sera-37-menor-em-2017\/","title":{"rendered":"Valor do Seguro DPVAT ser\u00e1 37% menor em 2017"},"content":{"rendered":"<p><em>Seguradora L\u00edder-DPVAT v\u00ea redu\u00e7\u00e3o como resultado de boa gest\u00e3o<\/em><\/p>\n<p>Por determina\u00e7\u00e3o do Conselho Nacional de Seguros Privados (CNSP), os valores para o Seguro DPVAT ser\u00e3o 37% mais baratos em 2017. A partir de primeiro de janeiro, o valor final do seguro ser\u00e1 R$ 68,10 para carros e t\u00e1xis, R$ 251,33 para \u00f4nibus, micro-\u00f4nibus e vans, R$ 157,42 para micro-\u00f4nibus\u00a0com lota\u00e7\u00e3o n\u00e3o acima de 10 pessoas, R$ 86,38 para ciclomotores, R$ 185,50 para motos e R$ 71,08 para caminh\u00f5es. Os valores j\u00e1 contam com o acr\u00e9scimo do IOF e a taxa de emiss\u00e3o do bilhete.<\/p>\n<p>A Seguradora L\u00edder-DPVAT v\u00ea esta redu\u00e7\u00e3o de pre\u00e7o como resultado de um conjunto de fatores observados nos \u00faltimos 2 anos, como, por exemplo: gest\u00e3o eficiente dos fundos garantidores das reservas t\u00e9cnicas, cen\u00e1rio econ\u00f4mico de juros mais elevados e medidas operacionais adotadas pela Seguradora L\u00edder-DPVAT na condu\u00e7\u00e3o eficiente dos processos regulat\u00f3rios de sinistros. Todas essas medidas contribu\u00edram para o incremento do saldo das reservas t\u00e9cnicas, cujos valores s\u00e3o aplicados em t\u00edtulos p\u00fablicos federais e s\u00e3o usados exclusivamente para o pagamento de indeniza\u00e7\u00f5es, conforme determina a lei que rege o Seguro DPVAT.<\/p>\n<p>Al\u00e9m da boa gest\u00e3o dos recursos, houve tamb\u00e9m uma diminui\u00e7\u00e3o no n\u00famero de pedidos de indeniza\u00e7\u00e3o. Uma tend\u00eancia que vem se consolidando desde 2015, o que pode ser atribu\u00eddo a redu\u00e7\u00e3o do n\u00famero de acidentes. Esse fen\u00f4meno se deve em muito \u00e0s pol\u00edticas para redu\u00e7\u00e3o de acidentes, como por exemplo, a Lei Seca, aumento da seguran\u00e7a dos ve\u00edculos, da fiscaliza\u00e7\u00e3o, da conscientiza\u00e7\u00e3o da popula\u00e7\u00e3o, do aumento do valor das multas de tr\u00e2nsito e da redu\u00e7\u00e3o da velocidade das vias em grandes cidades, a exemplo de S\u00e3o Paulo e Rio de Janeiro.<\/p>\n<p>A redu\u00e7\u00e3o do valor dos pr\u00eamios do Seguro DPVAT, que se encontravam fixados desde o ano de 2013 (h\u00e1 4 anos), afeta, em princ\u00edpio, a elegibilidade de parcelamento para as categorias 04 e 09 (micro-\u00f4nibus\u00a0com lota\u00e7\u00e3o n\u00e3o acima de 10 pessoas e motocicletas) porque as tr\u00eas parcelas n\u00e3o podem ser inferiores ao valor de R$ 70, de acordo com a lei. Apenas a categoria 03 (\u00f4nibus e vans) poder\u00e1 parcelar o valor em tr\u00eas vezes.<\/p>\n<p>O vencimento do Seguro DPVAT \u00e9 concomitante ao prazo de pagamento do IPVA de cada estado. O propriet\u00e1rio de ve\u00edculo pode consultar a data limite para quitar o Seguro DPVAT no site \u00a0<a href=\"http:\/\/www.seguradoralider.com.br\">www.seguradoralider.com.br<\/a>. \u00c9 importante informar que o pagamento do Seguro \u00e9 condi\u00e7\u00e3o para o licenciamento do ve\u00edculo, como determinado por lei. Al\u00e9m disso, o propriet\u00e1rio que n\u00e3o paga o Seguro DPVAT fica descoberto por ele em caso de acidente de tr\u00e2nsito.<\/p>\n<p>O Seguro DPVAT tem importante fun\u00e7\u00e3o social. Metade do que \u00e9 pago pelos propriet\u00e1rios de ve\u00edculos automotores vai direto para o Governo Federal, sendo 45% destinado ao SUS para o atendimento \u00e0s v\u00edtimas de tr\u00e2nsito e 5% para campanhas educativas elaboradas pelo Denatran.\u00a0 Toda a popula\u00e7\u00e3o brasileira \u2013 motorista, passageiro ou pedestre &#8211; est\u00e1 coberto em caso de acidentes de tr\u00e2nsito em tr\u00eas tipos de cobertura: morte (R$ 13,5 mil) invalidez permanente (at\u00e9 R$ 13,5) e reembolso de despesas m\u00e9dicas e hospitalares (at\u00e9 R$ 2,7 mil).<\/p>\n<p>O pedido de indeniza\u00e7\u00e3o pode ser feito gratuitamente em pontos oficiais de atendimento espalhados por todos os munic\u00edpios brasileiros, como ag\u00eancias dos Correios. O prazo para entrar com o pedido \u00e9 de at\u00e9 3 anos, contados a partir da data de ocorr\u00eancia. A documenta\u00e7\u00e3o necess\u00e1ria para cada tipo de cobertura est\u00e1 descrita no site <a href=\"http:\/\/www.seguradoralider.com.br\">www.seguradoralider.com.br<\/a> e pode ser informada pelo SAC DPVAT 0800 022 1204, que funciona 24 horas por dia e 7 dias por semana.<\/p>\n<p>&nbsp;<\/p>\n<p>&nbsp;<\/p>\n","protected":false},"excerpt":{"rendered":"<p>Seguradora L\u00edder-DPVAT v\u00ea redu\u00e7\u00e3o como resultado de boa gest\u00e3o Por determina\u00e7\u00e3o do Conselho Nacional de Seguros Privados (CNSP), os valores para o Seguro DPVAT ser\u00e3o 37% mais baratos em 2017. A partir de primeiro de janeiro, o valor final do seguro ser\u00e1 R$ 68,10 para carros e t\u00e1xis, R$ 251,33 para \u00f4nibus, micro-\u00f4nibus e vans, R$ 157,42 para micro-\u00f4nibus\u00a0com lota\u00e7\u00e3o [&hellip;]<\/p>\n","protected":false},"author":27,"featured_media":0,"comment_status":"open","ping_status":"closed","sticky":false,"template":"","format":"standard","meta":{"footnotes":""},"categories":[2719],"tags":[3357,4732,4740,4734,4735,4731,777,4733,4739,1616,4737,430,1618,4736,774,4738],"class_list":["post-3981","post","type-post","status-publish","format-standard","hentry","category-servidor","tag-3357","tag-4732","tag-caminhoes","tag-cnsp","tag-corros","tag-dpvat","tag-janeiro","tag-lider-dpvat","tag-logacao","tag-menor","tag-micro-onibus","tag-onibus","tag-seguradora","tag-taxis","tag-valor","tag-vans"],"_links":{"self":[{"href":"https:\/\/blogs.correiobraziliense.com.br\/servidor\/wp-json\/wp\/v2\/posts\/3981","targetHints":{"allow":["GET"]}}],"collection":[{"href":"https:\/\/blogs.correiobraziliense.com.br\/servidor\/wp-json\/wp\/v2\/posts"}],"about":[{"href":"https:\/\/blogs.correiobraziliense.com.br\/servidor\/wp-json\/wp\/v2\/types\/post"}],"author":[{"embeddable":true,"href":"https:\/\/blogs.correiobraziliense.com.br\/servidor\/wp-json\/wp\/v2\/users\/27"}],"replies":[{"embeddable":true,"href":"https:\/\/blogs.correiobraziliense.com.br\/servidor\/wp-json\/wp\/v2\/comments?post=3981"}],"version-history":[{"count":1,"href":"https:\/\/blogs.correiobraziliense.com.br\/servidor\/wp-json\/wp\/v2\/posts\/3981\/revisions"}],"predecessor-version":[{"id":3982,"href":"https:\/\/blogs.correiobraziliense.com.br\/servidor\/wp-json\/wp\/v2\/posts\/3981\/revisions\/3982"}],"wp:attachment":[{"href":"https:\/\/blogs.correiobraziliense.com.br\/servidor\/wp-json\/wp\/v2\/media?parent=3981"}],"wp:term":[{"taxonomy":"category","embeddable":true,"href":"https:\/\/blogs.correiobraziliense.com.br\/servidor\/wp-json\/wp\/v2\/categories?post=3981"},{"taxonomy":"post_tag","embeddable":true,"href":"https:\/\/blogs.correiobraziliense.com.br\/servidor\/wp-json\/wp\/v2\/tags?post=3981"}],"curies":[{"name":"wp","href":"https:\/\/api.w.org\/{rel}","templated":true}]}}