{"id":392,"date":"2015-08-20T13:41:00","date_gmt":"2015-08-20T13:41:00","guid":{"rendered":"https:\/\/blogs.correiobraziliense.com.br\/servidor\/autuacoes_da_receita_superam_r_75_bilhoes_no_primeiro_semestre\/"},"modified":"2015-08-20T13:41:00","modified_gmt":"2015-08-20T13:41:00","slug":"autuacoes_da_receita_superam_r_75_bilhoes_no_primeiro_semestre","status":"publish","type":"post","link":"https:\/\/blogs.correiobraziliense.com.br\/servidor\/autuacoes_da_receita_superam_r_75_bilhoes_no_primeiro_semestre\/","title":{"rendered":"AUTUA\u00c7\u00d5ES DA RECEITA SUPERAM R$ 75 BILH\u00d5ES NO PRIMEIRO SEMESTRE"},"content":{"rendered":"<p><i>Montante \u00e9 40% superior ao registrado no mesmo per\u00edodo do ano passado<\/i> <\/p>\n<p>A&nbsp; Receita&nbsp; Federal&nbsp; divulgou&nbsp; hoje,&nbsp; 20,&nbsp; o&nbsp; Resultado&nbsp; da Fiscaliza\u00e7\u00e3o no primeiro&nbsp; semestre&nbsp; de&nbsp; 2015. No per\u00edodo, a fiscaliza\u00e7\u00e3o constituiu cr\u00e9dito tribut\u00e1rio&nbsp; na&nbsp; ordem de R$ 75,13 bilh\u00f5es. O n\u00famero representa um acr\u00e9scimo de&nbsp; R$ 21,36 bilh\u00f5es em rela\u00e7\u00e3o ao mesmo per\u00edodo de 2014, quando foi de R$ 53,77 bilh\u00f5es.  De acordo com o&nbsp; subsecret\u00e1rio&nbsp; de&nbsp; Fiscaliza\u00e7\u00e3o,&nbsp; I\u00e1garo&nbsp; Jung&nbsp; Martins, &#8220;o n\u00famero representa um acr\u00e9scimo de cerca de 40% se comparado com o mesmo per\u00edodo do ano&nbsp; passado&#8221;.&nbsp; Ele&nbsp; diz&nbsp; ainda que a capacidade de fiscaliza\u00e7\u00e3o da Receita Federal vem aumentando ao longo dos anos devido a uma maior disponibilidade e&nbsp; cruzamento&nbsp; de&nbsp; informa\u00e7\u00f5es, al\u00e9m de maior conhecimento e especializa\u00e7\u00e3o dos servidores que atuam na \u00e1rea de sele\u00e7\u00e3o de contribuintes.  <i> <\/p>\n<p><\/i><i>Bras\u00edlia, 13h40min<\/i>   <\/p>\n","protected":false},"excerpt":{"rendered":"<p>Montante \u00e9 40% superior ao registrado no mesmo per\u00edodo do ano passado A&nbsp; Receita&nbsp; Federal&nbsp; divulgou&nbsp; hoje,&nbsp; 20,&nbsp; o&nbsp; Resultado&nbsp; da Fiscaliza\u00e7\u00e3o no primeiro&nbsp; semestre&nbsp; de&nbsp; 2015. No per\u00edodo, a fiscaliza\u00e7\u00e3o constituiu cr\u00e9dito tribut\u00e1rio&nbsp; na&nbsp; ordem de R$ 75,13 bilh\u00f5es. O n\u00famero representa um acr\u00e9scimo de&nbsp; R$ 21,36 bilh\u00f5es em rela\u00e7\u00e3o ao mesmo per\u00edodo de 2014, quando foi de R$ [&hellip;]<\/p>\n","protected":false},"author":27,"featured_media":0,"comment_status":"open","ping_status":"open","sticky":false,"template":"","format":"standard","meta":{"footnotes":""},"categories":[1],"tags":[],"class_list":["post-392","post","type-post","status-publish","format-standard","hentry","category-sem-categoria"],"_links":{"self":[{"href":"https:\/\/blogs.correiobraziliense.com.br\/servidor\/wp-json\/wp\/v2\/posts\/392","targetHints":{"allow":["GET"]}}],"collection":[{"href":"https:\/\/blogs.correiobraziliense.com.br\/servidor\/wp-json\/wp\/v2\/posts"}],"about":[{"href":"https:\/\/blogs.correiobraziliense.com.br\/servidor\/wp-json\/wp\/v2\/types\/post"}],"author":[{"embeddable":true,"href":"https:\/\/blogs.correiobraziliense.com.br\/servidor\/wp-json\/wp\/v2\/users\/27"}],"replies":[{"embeddable":true,"href":"https:\/\/blogs.correiobraziliense.com.br\/servidor\/wp-json\/wp\/v2\/comments?post=392"}],"version-history":[{"count":0,"href":"https:\/\/blogs.correiobraziliense.com.br\/servidor\/wp-json\/wp\/v2\/posts\/392\/revisions"}],"wp:attachment":[{"href":"https:\/\/blogs.correiobraziliense.com.br\/servidor\/wp-json\/wp\/v2\/media?parent=392"}],"wp:term":[{"taxonomy":"category","embeddable":true,"href":"https:\/\/blogs.correiobraziliense.com.br\/servidor\/wp-json\/wp\/v2\/categories?post=392"},{"taxonomy":"post_tag","embeddable":true,"href":"https:\/\/blogs.correiobraziliense.com.br\/servidor\/wp-json\/wp\/v2\/tags?post=392"}],"curies":[{"name":"wp","href":"https:\/\/api.w.org\/{rel}","templated":true}]}}