{"id":3918,"date":"2016-12-16T17:32:57","date_gmt":"2016-12-16T19:32:57","guid":{"rendered":"https:\/\/blogs.correiobraziliense.com.br\/servidor\/?p=3918"},"modified":"2016-12-16T17:32:57","modified_gmt":"2016-12-16T19:32:57","slug":"assibge-sn-entra-com-representacao-contra-o-presidente-do-ibge","status":"publish","type":"post","link":"https:\/\/blogs.correiobraziliense.com.br\/servidor\/assibge-sn-entra-com-representacao-contra-o-presidente-do-ibge\/","title":{"rendered":"Assibge-SN entra com representa\u00e7\u00e3o contra o presidente do IBGE"},"content":{"rendered":"<p><em>O Sindicato alega que Paulo Rebello de Castro acumula o cargo de presidente do IBGE com fun\u00e7\u00f5es de gest\u00e3o, administra\u00e7\u00e3o e ger\u00eancia e empresas privadas. Na representa\u00e7\u00e3o, ressalta que Castro \u201cpratica improbidade administrativa ao desenvolver palestras\/semin\u00e1rios e outros eventos para os seus clientes privados, ou seja, manteve a sua agenda de trabalho privada, s\u00f3 que, agora, pago pelo contribuinte e utilizando-se dos dados e estruturas (patrim\u00f4nio p\u00fablico)\u201d<\/em><\/p>\n<p>A Associa\u00e7\u00e3o Nacional dos Servidores do IBGE (Assibge-SN) informou que protocolou uma representa\u00e7\u00e3o \u00e9tico-disciplinar na Controladoria Geral da Uni\u00e3o (CGU) e na Comiss\u00e3o de \u00c9tica P\u00fablica da Presid\u00eancia da Rep\u00fablica contra o presidente do IBGE, Paulo Rabello de Castro. A iniciativa tem como base a Lei 12.813\/2013, que trata do conflito de interesses envolvendo ocupantes de cargo ou emprego no \u00e2mbito do Poder Executivo federal.<\/p>\n<p>De acordo com os dirigentes sindicais, Rabello de Castro acumula o cargo de presidente do IBGE, ao mesmo tempo em que exerce as fun\u00e7\u00f5es de gest\u00e3o, administra\u00e7\u00e3o e ger\u00eancia de empresas privadas, como atestam certid\u00f5es da Junta Comercial do Estado do Rio de Janeiro.<\/p>\n<p>O Sindicato alega improbidade administrativa, prevista no par\u00e1grafo \u00fanico do Artigo 10 da Lei 8.429\/92, que condena a permiss\u00e3o ou concorr\u00eancia para que pessoa f\u00edsica ou jur\u00eddica privada utilize bens, rendas, verbas ou valores integrantes do acervo patrimonial p\u00fablico. Al\u00e9m disso, pela Lei 5.534\/68, as informa\u00e7\u00f5es estat\u00edsticas prestadas ao IBGE ter\u00e3o car\u00e1ter sigiloso.<\/p>\n<p>Na representa\u00e7\u00e3o os sindicalistas ressaltam que Castro \u201cpratica improbidade administrativa ao desenvolver palestras\/semin\u00e1rios e outros eventos para os seus clientes privados, ou seja, manteve a sua agenda de trabalho privada, s\u00f3 que agora, pago pelo contribuinte e utilizando-se dos dados e estruturas (patrim\u00f4nio p\u00fablico)\u201d.<\/p>\n<p>Em seu curr\u00edculo, dispon\u00edvel na Rede Mundial de Computadores, Paulo Rabello de Castro \u00e9 apresentado como \u201cDiretor-Presidente da SR Rating, primeira empresa brasileira de classifica\u00e7\u00e3o de riscos de cr\u00e9dito, que atua no mercado desde 1993, fundador da RC Consultores, em 1979, empresa de Previs\u00e3o Econ\u00f4mica e An\u00e1lises de Mercado, Presidente da\u00a0 Macroconsulting, empresa de Projeto e Estrutura\u00e7\u00e3o de Neg\u00f3cios, com foco especial nos ramos do Agroneg\u00f3cio, da Avia\u00e7\u00e3o Civil, Previd\u00eancia Complementar e Estudos setoriais de Investimentos\u201d<\/p>\n","protected":false},"excerpt":{"rendered":"<p>O Sindicato alega que Paulo Rebello de Castro acumula o cargo de presidente do IBGE com fun\u00e7\u00f5es de gest\u00e3o, administra\u00e7\u00e3o e ger\u00eancia e empresas privadas. Na representa\u00e7\u00e3o, ressalta que Castro \u201cpratica improbidade administrativa ao desenvolver palestras\/semin\u00e1rios e outros eventos para os seus clientes privados, ou seja, manteve a sua agenda de trabalho privada, s\u00f3 que, agora, pago pelo contribuinte e [&hellip;]<\/p>\n","protected":false},"author":27,"featured_media":0,"comment_status":"open","ping_status":"closed","sticky":false,"template":"","format":"standard","meta":{"footnotes":""},"categories":[2719],"tags":[1191,1314,4681,2035,390,4683,2042,1982,4573,81,4682,4684],"class_list":["post-3918","post","type-post","status-publish","format-standard","hentry","category-servidor","tag-administracao","tag-administrativa","tag-assibge-sn","tag-cgu","tag-empresas","tag-gerencia","tag-ibge","tag-improbidade","tag-paulo-rabello-de-castro","tag-presidente","tag-privadas","tag-representacao"],"_links":{"self":[{"href":"https:\/\/blogs.correiobraziliense.com.br\/servidor\/wp-json\/wp\/v2\/posts\/3918","targetHints":{"allow":["GET"]}}],"collection":[{"href":"https:\/\/blogs.correiobraziliense.com.br\/servidor\/wp-json\/wp\/v2\/posts"}],"about":[{"href":"https:\/\/blogs.correiobraziliense.com.br\/servidor\/wp-json\/wp\/v2\/types\/post"}],"author":[{"embeddable":true,"href":"https:\/\/blogs.correiobraziliense.com.br\/servidor\/wp-json\/wp\/v2\/users\/27"}],"replies":[{"embeddable":true,"href":"https:\/\/blogs.correiobraziliense.com.br\/servidor\/wp-json\/wp\/v2\/comments?post=3918"}],"version-history":[{"count":1,"href":"https:\/\/blogs.correiobraziliense.com.br\/servidor\/wp-json\/wp\/v2\/posts\/3918\/revisions"}],"predecessor-version":[{"id":3919,"href":"https:\/\/blogs.correiobraziliense.com.br\/servidor\/wp-json\/wp\/v2\/posts\/3918\/revisions\/3919"}],"wp:attachment":[{"href":"https:\/\/blogs.correiobraziliense.com.br\/servidor\/wp-json\/wp\/v2\/media?parent=3918"}],"wp:term":[{"taxonomy":"category","embeddable":true,"href":"https:\/\/blogs.correiobraziliense.com.br\/servidor\/wp-json\/wp\/v2\/categories?post=3918"},{"taxonomy":"post_tag","embeddable":true,"href":"https:\/\/blogs.correiobraziliense.com.br\/servidor\/wp-json\/wp\/v2\/tags?post=3918"}],"curies":[{"name":"wp","href":"https:\/\/api.w.org\/{rel}","templated":true}]}}