{"id":3914,"date":"2016-12-16T12:05:19","date_gmt":"2016-12-16T14:05:19","guid":{"rendered":"https:\/\/blogs.correiobraziliense.com.br\/servidor\/?p=3914"},"modified":"2016-12-16T12:05:19","modified_gmt":"2016-12-16T14:05:19","slug":"nota-da-csb-sobre-as-medidas-economicas-enfim-uma-pauta-positiva","status":"publish","type":"post","link":"https:\/\/blogs.correiobraziliense.com.br\/servidor\/nota-da-csb-sobre-as-medidas-economicas-enfim-uma-pauta-positiva\/","title":{"rendered":"Nota da CSB sobre as medidas econ\u00f4micas: Enfim uma pauta positiva"},"content":{"rendered":"<div>A Central dos Sindicatos Brasileiros (CSB) considera positivas as medidas anunciadas pelo governo federal nesta quinta-feira (15\/12), em especial a que amplia o reajuste das contas individuais do FGTS, reivindica\u00e7\u00e3o antiga das centrais sindicais.<\/p>\n<p>Certamente, as propostas n\u00e3o agradar\u00e3o a todos, mas apontam para uma agenda diferente das a\u00e7\u00f5es negativas e impopulares que estavam no centro das inten\u00e7\u00f5es da equipe econ\u00f4mica.<\/p>\n<p>Todo o setor produtivo aplaude qualquer mecanismo que procure estancar e diminuir as imorais taxas de juros cobradas dos consumidores e das empresas, que fomentem o cr\u00e9dito e tentem recuperar a capacidade produtiva do pa\u00eds.<\/p>\n<p>Contudo, a medida mais importante e indispens\u00e1vel, urgente e improrrog\u00e1vel, \u00e9 a redu\u00e7\u00e3o da taxa b\u00e1sica de juros (Selic), a fim de desafogar o setor produtivo brasileiro e diminuir os gastos estrondosos do governo federal com a rolagem da d\u00edvida.<\/p><\/div>\n<div><\/div>\n<div><strong>Central dos Sindicatos Brasileiros (CSB)<\/strong><\/div>\n","protected":false},"excerpt":{"rendered":"<p>A Central dos Sindicatos Brasileiros (CSB) considera positivas as medidas anunciadas pelo governo federal nesta quinta-feira (15\/12), em especial a que amplia o reajuste das contas individuais do FGTS, reivindica\u00e7\u00e3o antiga das centrais sindicais. Certamente, as propostas n\u00e3o agradar\u00e3o a todos, mas apontam para uma agenda diferente das a\u00e7\u00f5es negativas e impopulares que estavam no centro das inten\u00e7\u00f5es da equipe [&hellip;]<\/p>\n","protected":false},"author":27,"featured_media":0,"comment_status":"open","ping_status":"closed","sticky":false,"template":"","format":"standard","meta":{"footnotes":""},"categories":[2719],"tags":[2278,1723,4678,685,98,1578,4679,63,1953,570],"class_list":["post-3914","post","type-post","status-publish","format-standard","hentry","category-servidor","tag-contas","tag-csb","tag-economicas","tag-fgts","tag-governo","tag-medidas","tag-produtivo","tag-reajuste","tag-selic","tag-setor"],"_links":{"self":[{"href":"https:\/\/blogs.correiobraziliense.com.br\/servidor\/wp-json\/wp\/v2\/posts\/3914","targetHints":{"allow":["GET"]}}],"collection":[{"href":"https:\/\/blogs.correiobraziliense.com.br\/servidor\/wp-json\/wp\/v2\/posts"}],"about":[{"href":"https:\/\/blogs.correiobraziliense.com.br\/servidor\/wp-json\/wp\/v2\/types\/post"}],"author":[{"embeddable":true,"href":"https:\/\/blogs.correiobraziliense.com.br\/servidor\/wp-json\/wp\/v2\/users\/27"}],"replies":[{"embeddable":true,"href":"https:\/\/blogs.correiobraziliense.com.br\/servidor\/wp-json\/wp\/v2\/comments?post=3914"}],"version-history":[{"count":1,"href":"https:\/\/blogs.correiobraziliense.com.br\/servidor\/wp-json\/wp\/v2\/posts\/3914\/revisions"}],"predecessor-version":[{"id":3915,"href":"https:\/\/blogs.correiobraziliense.com.br\/servidor\/wp-json\/wp\/v2\/posts\/3914\/revisions\/3915"}],"wp:attachment":[{"href":"https:\/\/blogs.correiobraziliense.com.br\/servidor\/wp-json\/wp\/v2\/media?parent=3914"}],"wp:term":[{"taxonomy":"category","embeddable":true,"href":"https:\/\/blogs.correiobraziliense.com.br\/servidor\/wp-json\/wp\/v2\/categories?post=3914"},{"taxonomy":"post_tag","embeddable":true,"href":"https:\/\/blogs.correiobraziliense.com.br\/servidor\/wp-json\/wp\/v2\/tags?post=3914"}],"curies":[{"name":"wp","href":"https:\/\/api.w.org\/{rel}","templated":true}]}}