{"id":3896,"date":"2016-12-14T15:46:00","date_gmt":"2016-12-14T17:46:00","guid":{"rendered":"https:\/\/blogs.correiobraziliense.com.br\/servidor\/?p=3896"},"modified":"2016-12-14T15:48:54","modified_gmt":"2016-12-14T17:48:54","slug":"quanto-vale-vida-de-um-servidor-pecfaz-desvio-de-funcao-na-receita-federal-compromete-seguranca-de-administrativos","status":"publish","type":"post","link":"https:\/\/blogs.correiobraziliense.com.br\/servidor\/quanto-vale-vida-de-um-servidor-pecfaz-desvio-de-funcao-na-receita-federal-compromete-seguranca-de-administrativos\/","title":{"rendered":"Quanto vale a vida de um servidor Pecfaz? Desvio de fun\u00e7\u00e3o na Receita compromete seguran\u00e7a de administrativos"},"content":{"rendered":"<p><em>Grace Maciel*<\/em><\/p>\n<p>Que os servidores administrativos da Receita Federal do Brasil (RFB) trabalham em desvio de fun\u00e7\u00e3o n\u00e3o \u00e9 novidade, por\u00e9m quando esse desvio compromete a seguran\u00e7a do trabalhador \u00e9 merecedor de den\u00fancia. \u00c9 caso, inclusive de Justi\u00e7a, uma vez que eles nem ganham insalubridade e muito menos \u201cb\u00f4nus de efici\u00eancia\u201d.<\/p>\n<p>O caso \u00e9 \u201cmuito s\u00e9rio\u201d: os servidores que trabalham na fronteira enfrentam o \u201cmaior descaso\u201d, tanto do \u00d3rg\u00e3o, quanto do pr\u00f3prio Governo Federal. O fato \u00e9 que quem trabalha fiscalizando tr\u00e1fico e contrabando na fronteira, al\u00e9m de n\u00e3o fazer parte de sua atribui\u00e7\u00e3o, n\u00e3o possui seguran\u00e7a. Falei seguran\u00e7a armada! N\u00e3o h\u00e1. Pasmem! N\u00e3o h\u00e1 policiamento militar e geralmente os postos da Pol\u00edcia Federal est\u00e3o a mais de 20 km de dist\u00e2ncia.<\/p>\n<p>Quem acompanha o servidor administrativo (geralmente \u201capenas um\u201d por\u00a0 turno), na fiscaliza\u00e7\u00e3o da alf\u00e2ndega: controle de mercadorias e bagagens de caminh\u00f5es, \u00f4nibus.. carros? Ningu\u00e9m! Eles lidam com traficantes, com contrabandistas de armas, cigarros e mercadorias. Esses servidores abordam sozinhos, sem um colete \u00e0 prova de bala, sem armas; quando muito, o seguran\u00e7a de empresa terceirizada, que \u201cn\u00e3o tem permiss\u00e3o de atirar\u201d, e que seu trabalho se limita \u00e0 guarita, muitas vezes \u201cpor amizade\u201dacompanha o servidor. Mas em caso de sofrerem um atentado, esse seguran\u00e7a \u201cque n\u00e3o \u00e9 policial\u201d, n\u00e3o pode \u201csequer\u201datirar para cima como modo de \u201cao menos\u201d intimidar poss\u00edveis \u201ccriminosos\u201d.<\/p>\n<p>Essa empresa de seguran\u00e7a terceirizada \u00e9 contratada para \u201cproteger o patrim\u00f4nio p\u00fablico\u201d, e n\u00e3o o servidor. Segundo fonte.<\/p>\n<p>Quanto vale \u00e0 vida do servidor administrativo da Receita?<\/p>\n<p>Fora o problema de seguran\u00e7a, ainda estes servidores trabalham em condi\u00e7\u00f5es insalubres, expondo-se a poeira e fuma\u00e7a. Ah..m\u00e1scara? N\u00e3o, eles n\u00e3o possuem..a m\u00e1scara fica por conta da Administra\u00e7\u00e3o que se esconde atrav\u00e9s dela, que mascara a situa\u00e7\u00e3o; faz vista grossa!<\/p>\n<p>Um fato recente na fronteira de Corumb\u00e1-MS com Santa Cruz de la Sierra- Bol\u00edvia\u00a0 (uma das mais perigosas portas de entrada de coca\u00edna e muamba), no \u00faltimo 21 de novembro.\u00a0 Analistas estavam em greve e o servidor administrativo, Raimundo Nonato Souza,\u00a0 de plant\u00e3o, foi fiscalizar um carro (t\u00e1xi), 3 jovens com malas e apenas um com uma mochila, na revista o funcion\u00e1rio encontrou entorpecentes na sacola de um dos jovens; nos outros dois n\u00e3o encontrou nada al\u00e9m de pertences. Segundo Raimundo, eram estudantes de medicina e apenas estavam de carona. O servidor deu voz de pris\u00e3o em flagrante e conduziu o \u201cpreso\u201d para a unidade de fiscaliza\u00e7\u00e3o da Receita, no Posto de Esdras. Ele teve como testemunhas: sua colega tamb\u00e9m administrativa, Regina Vilas Boas e o analista Kl\u00e9ber Ormand Garcia.\u00a0 J\u00e1 eram 6h30 da manh\u00e3 de uma segunda-feira e haveria troca de plant\u00e3o, \u00e0s 7h30.\u00a0Nonato relatou que este \u00e9 o cotidiano dos administrativos. Sem estrutura, sem seguran\u00e7a, sem dignidade!<\/p>\n<p>Falta pessoal para agir na repress\u00e3o de atos il\u00edcitos, como o contrabando e a introdu\u00e7\u00e3o em territ\u00f3rio nacional e drogas e armas, na divisa entre Brasil e Bol\u00edvia, assim como em outras fronteiras. Quando a Administra\u00e7\u00e3o ir\u00e1 olhar para esses servidores que sofrem apenas o \u00f4nus e nunca o b\u00f4nus? Este \u00e9 o maior questionamento do Sindicato Nacional dos Servidores Administrativos do Minist\u00e9rio da Fazenda (Sindfazenda), representado pelo presidente Luis Roberto da Silva. Segundo Luis a situa\u00e7\u00e3o \u00e9 \u201cbastante preocupante\u201d, hoje eles reivindicam inclus\u00e3o dos integrantes do Plano Especial de Cargos do Minist\u00e9rio da Fazenda (Pecfaz) , no b\u00f4nus de efici\u00eancia, previsto para outras categorias, no PL 5864\/16. Al\u00e9m desta luta a entidade cobra uma reestrutura\u00e7\u00e3o da carreira dos Pecfaz.<\/p>\n<p>Enquanto isto\u2026a luta continua. \u00c9 torcer para que a RFB e o Minist\u00e9rio da Fazenda tomem uma atitude e, ao menos, a C\u00e2mara contemple os Pecfaz no b\u00f4nus. Nada mais justo!<\/p>\n<p><em>* Grace Maciel , jornalista &#8211; Assessora de imprensa do Sindifazenda; chefe de imprensa da CSPB; correspondente internacional para\u00a0r\u00e1dio colombiana com sede em Huston; especialista em gest\u00e3o de projetos e m\u00eddias integradas em comunica\u00e7\u00e3o.<\/em><\/p>\n<p><em>Fonte: Sindicato Nacional dos Servidores Administrativos do Minist\u00e9rio da Fazenda<\/em><\/p>\n","protected":false},"excerpt":{"rendered":"<p>Grace Maciel* Que os servidores administrativos da Receita Federal do Brasil (RFB) trabalham em desvio de fun\u00e7\u00e3o n\u00e3o \u00e9 novidade, por\u00e9m quando esse desvio compromete a seguran\u00e7a do trabalhador \u00e9 merecedor de den\u00fancia. \u00c9 caso, inclusive de Justi\u00e7a, uma vez que eles nem ganham insalubridade e muito menos \u201cb\u00f4nus de efici\u00eancia\u201d. O caso \u00e9 \u201cmuito s\u00e9rio\u201d: os servidores que trabalham [&hellip;]<\/p>\n","protected":false},"author":27,"featured_media":0,"comment_status":"open","ping_status":"closed","sticky":false,"template":"","format":"standard","meta":{"footnotes":""},"categories":[2719],"tags":[1055,4668,2804,231,888,1033,940,889,4670,3822,3209,4669,294,208,372],"class_list":["post-3896","post","type-post","status-publish","format-standard","hentry","category-servidor","tag-administrativos","tag-alfandega","tag-bagagens","tag-bonus","tag-desvio","tag-eficiencia","tag-fiscalizacao","tag-funcao","tag-mercadorias","tag-pecfaz","tag-pl-5-86416","tag-policiamento","tag-receita-federal","tag-seguranca","tag-vida"],"_links":{"self":[{"href":"https:\/\/blogs.correiobraziliense.com.br\/servidor\/wp-json\/wp\/v2\/posts\/3896","targetHints":{"allow":["GET"]}}],"collection":[{"href":"https:\/\/blogs.correiobraziliense.com.br\/servidor\/wp-json\/wp\/v2\/posts"}],"about":[{"href":"https:\/\/blogs.correiobraziliense.com.br\/servidor\/wp-json\/wp\/v2\/types\/post"}],"author":[{"embeddable":true,"href":"https:\/\/blogs.correiobraziliense.com.br\/servidor\/wp-json\/wp\/v2\/users\/27"}],"replies":[{"embeddable":true,"href":"https:\/\/blogs.correiobraziliense.com.br\/servidor\/wp-json\/wp\/v2\/comments?post=3896"}],"version-history":[{"count":2,"href":"https:\/\/blogs.correiobraziliense.com.br\/servidor\/wp-json\/wp\/v2\/posts\/3896\/revisions"}],"predecessor-version":[{"id":3898,"href":"https:\/\/blogs.correiobraziliense.com.br\/servidor\/wp-json\/wp\/v2\/posts\/3896\/revisions\/3898"}],"wp:attachment":[{"href":"https:\/\/blogs.correiobraziliense.com.br\/servidor\/wp-json\/wp\/v2\/media?parent=3896"}],"wp:term":[{"taxonomy":"category","embeddable":true,"href":"https:\/\/blogs.correiobraziliense.com.br\/servidor\/wp-json\/wp\/v2\/categories?post=3896"},{"taxonomy":"post_tag","embeddable":true,"href":"https:\/\/blogs.correiobraziliense.com.br\/servidor\/wp-json\/wp\/v2\/tags?post=3896"}],"curies":[{"name":"wp","href":"https:\/\/api.w.org\/{rel}","templated":true}]}}