{"id":3891,"date":"2016-12-14T12:52:54","date_gmt":"2016-12-14T14:52:54","guid":{"rendered":"https:\/\/blogs.correiobraziliense.com.br\/servidor\/?p=3891"},"modified":"2016-12-14T12:52:54","modified_gmt":"2016-12-14T14:52:54","slug":"ministerio-da-fazenda-regime-de-recuperacao-fiscal","status":"publish","type":"post","link":"https:\/\/blogs.correiobraziliense.com.br\/servidor\/ministerio-da-fazenda-regime-de-recuperacao-fiscal\/","title":{"rendered":"Minist\u00e9rio da Fazenda &#8211; Regime de Recupera\u00e7\u00e3o Fiscal"},"content":{"rendered":"<p class=\"m_3633517218737583802EMNum\" align=\"center\">PROJETO DE LEI COMPLEMENTAR<u><\/u><u><\/u><\/p>\n<p class=\"m_3633517218737583802EMNum\" align=\"center\"><b>REGIME DE RECUPERA\u00c7\u00c3O FISCAL <u><\/u><u><\/u><\/b><\/p>\n<p class=\"m_3633517218737583802EMNum\">\n<p class=\"m_3633517218737583802EMNum\">\u00b7\u00a0\u00a0\u00a0\u00a0\u00a0\u00a0\u00a0\u00a0 <b>Escopo: <\/b>Estados, Distrito Federal<b><u><\/u><u><\/u><\/b><\/p>\n<p class=\"m_3633517218737583802EMNum\">\n<p class=\"m_3633517218737583802EMNum\">\u00b7\u00a0\u00a0\u00a0\u00a0\u00a0 <b>Enquadramento: <\/b>o Estado que apresentar cumulativamente:<u><\/u><u><\/u><\/p>\n<p class=\"m_3633517218737583802EMNum\">o\u00a0\u00a0 receita corrente l\u00edquida menor que a d\u00edvida consolidada;<u><\/u><u><\/u><\/p>\n<p class=\"m_3633517218737583802EMNum\">o\u00a0\u00a0 receita corrente menor que a soma das despesas de custeio;\u00a0 e<u><\/u><u><\/u><\/p>\n<p class=\"m_3633517218737583802EMNum\">o\u00a0\u00a0 volume de obriga\u00e7\u00f5es contra\u00eddas maior que as disponibilidades de caixa de recursos n\u00e3o vinculados<u><\/u><u><\/u><\/p>\n<p class=\"m_3633517218737583802EMNum\">\n<p class=\"m_3633517218737583802EMNum\">\u00b7\u00a0\u00a0\u00a0\u00a0\u00a0\u00a0\u00a0\u00a0 <b>Exig\u00eancias durante o Regime de Recupera\u00e7\u00e3o Fiscal: <u><\/u><u><\/u><\/b><\/p>\n<p class=\"m_3633517218737583802EMNum\">\u00b7\u00a0\u00a0\u00a0\u00a0\u00a0 Reduzir o crescimento autom\u00e1tico da folha de sal\u00e1rios<u><\/u><u><\/u><\/p>\n<p class=\"m_3633517218737583802EMNum\">\u00b7\u00a0\u00a0\u00a0\u00a0\u00a0 Elevar contribui\u00e7\u00f5es previdenci\u00e1rias de ativos, inativos e pensionistas at\u00e9 o limite de 14%<u><\/u><u><\/u><\/p>\n<p class=\"m_3633517218737583802EMNum\">\u00b7\u00a0\u00a0\u00a0\u00a0\u00a0 Atualizar regras de acesso para concess\u00e3o de pens\u00f5es: car\u00eancia, dura\u00e7\u00e3o e tempo de casamento (aprovar lei estadual similar \u00e0 Lei 13.135, de 2015)<u><\/u><u><\/u><\/p>\n<p class=\"m_3633517218737583802EMNum\">\u00b7\u00a0\u00a0\u00a0\u00a0\u00a0 Reduzir incentivos fiscais<u><\/u><u><\/u><\/p>\n<p class=\"m_3633517218737583802EMNum\">\u00b7\u00a0\u00a0\u00a0\u00a0\u00a0 Redu\u00e7\u00e3o do tamanho do estado: n\u00famero de entidades e \u00f3rg\u00e3os e programa de privatiza\u00e7\u00f5es <u><\/u><u><\/u><\/p>\n<p class=\"m_3633517218737583802EMNum\">\u00b7\u00a0\u00a0\u00a0\u00a0\u00a0 Reconhecimento de d\u00edvidas com fornecedores e renegocia\u00e7\u00e3o destas d\u00edvidas, com a possibilidade de obten\u00e7\u00e3o de descontos.<u><\/u><u><\/u><\/p>\n<p class=\"m_3633517218737583802EMNum\">\n<p class=\"m_3633517218737583802EMNum\">\u00b7\u00a0\u00a0\u00a0\u00a0\u00a0\u00a0\u00a0\u00a0 <b>Proibi\u00e7\u00f5es durante o Regime de Recupera\u00e7\u00e3o fiscal: <u><\/u><u><\/u><\/b><\/p>\n<p class=\"m_3633517218737583802EMNum\">\u00b7\u00a0\u00a0\u00a0\u00a0\u00a0 Medidas que impliquem crescimento da folha e de despesas obrigat\u00f3rias nos tr\u00eas poderes<u><\/u><u><\/u><\/p>\n<p class=\"m_3633517218737583802EMNum\">\u00b7\u00a0\u00a0\u00a0\u00a0\u00a0 Ren\u00fancia de receitas<u><\/u><u><\/u><\/p>\n<p class=\"m_3633517218737583802EMNum\">\u00b7\u00a0\u00a0\u00a0\u00a0\u00a0 Contrata\u00e7\u00e3o de novas opera\u00e7\u00f5es de cr\u00e9dito<u><\/u><u><\/u><\/p>\n<p class=\"m_3633517218737583802EMNum\">\u00b7\u00a0\u00a0\u00a0\u00a0\u00a0 Despesas com publicidade e propaganda, exceto para a sa\u00fade e seguran\u00e7a<u><\/u><u><\/u><\/p>\n<p class=\"m_3633517218737583802EMNum\">\u00b7\u00a0\u00a0\u00a0\u00a0\u00a0 Firmar conv\u00eanio, acordo, ajuste ou outros tipos de instrumentos que envolvam a transfer\u00eancia de recursos para outros entes da federa\u00e7\u00e3o ou para organiza\u00e7\u00f5es da sociedade civil, excetuados aqueles necess\u00e1rios para a recupera\u00e7\u00e3o fiscal<u><\/u><u><\/u><\/p>\n<p class=\"m_3633517218737583802EMNum\">\n<p class=\"m_3633517218737583802EMNum\">\n<p class=\"m_3633517218737583802EMNum\">\u00b7\u00a0\u00a0\u00a0\u00a0\u00a0\u00a0\u00a0\u00a0 <b>Prerrogativas:<u><\/u><u><\/u><\/b><\/p>\n<p class=\"m_3633517218737583802EMNum\">\u00b7\u00a0\u00a0\u00a0\u00a0\u00a0 O Regime se estende a todos os Poderes e Institui\u00e7\u00f5es do ente em &#8220;Recupera\u00e7\u00e3o&#8221; (Executivo, Judici\u00e1rio, Legislativo, Tribunal de Contas, defensoria p\u00fablica e Minist\u00e9rio P\u00fablico)<u><\/u><u><\/u><\/p>\n<p class=\"m_3633517218737583802EMNum\">\u00b7\u00a0\u00a0\u00a0\u00a0\u00a0 Suspens\u00e3o tempor\u00e1ria dos pagamentos das d\u00edvidas com a Uni\u00e3o e dos bloqueios financeiros em caso de honra de aval; autoriza\u00e7\u00e3o para reestrutura\u00e7\u00e3o de d\u00edvidas com institui\u00e7\u00f5es financeiras; em contrapartida, a Uni\u00e3o ir\u00e1 indicar ativos a serem privatizados<u><\/u><u><\/u><\/p>\n<p class=\"m_3633517218737583802EMNum\">\u00b7\u00a0\u00a0\u00a0\u00a0\u00a0 Ap\u00f3s privatiza\u00e7\u00e3o, os servi\u00e7os da d\u00edvida suspensos ser\u00e3o abatidos. Caso a privatiza\u00e7\u00e3o n\u00e3o ocorra at\u00e9 o final do Regime, ou os valores apurados na privatiza\u00e7\u00e3o sejam inferiores \u00e0s presta\u00e7\u00f5es suspensas, os valores n\u00e3o pagos ser\u00e3o recompostos no saldo devedor para pagamento no prazo restante<u><\/u><u><\/u><\/p>\n<p class=\"m_3633517218737583802EMNum\">\u00b7\u00a0\u00a0\u00a0\u00a0\u00a0 <b>Contratar opera\u00e7\u00f5es de cr\u00e9dito relacionadas \u00e0 consolida\u00e7\u00e3o fiscal<\/b> (pagamento de demiss\u00f5es volunt\u00e1rias ou reestrutura\u00e7\u00e3o de d\u00edvidas, p.ex), observado o limite de garantia definido pela STN<u><\/u><u><\/u><\/p>\n<p class=\"m_3633517218737583802EMNum\">\n<p class=\"m_3633517218737583802EMNum\">\u00b7\u00a0\u00a0\u00a0\u00a0\u00a0\u00a0\u00a0\u00a0 <b>Procedimentos: <u><\/u><u><\/u><\/b><\/p>\n<p class=\"m_3633517218737583802EMNum\">\u00b7\u00a0\u00a0\u00a0\u00a0\u00a0 Ades\u00e3o volunt\u00e1ria<u><\/u><u><\/u><\/p>\n<p class=\"m_3633517218737583802EMNum\">\u00b7\u00a0\u00a0\u00a0\u00a0\u00a0 O Ente em recupera\u00e7\u00e3o prop\u00f5e o <b>Plano de Recupera\u00e7\u00e3o Fiscal<\/b>, o Minist\u00e9rio da Fazenda avalia e aprova e o Presidente da Rep\u00fablica aceita o <b>Regime de Recupera\u00e7\u00e3o Fiscal<\/b> <u><\/u><u><\/u><\/p>\n<p class=\"m_3633517218737583802EMNum\">\u00b7\u00a0\u00a0\u00a0\u00a0\u00a0 Per\u00edodo de transi\u00e7\u00e3o do Regime de Recupera\u00e7\u00e3o: mediante Lei estadual, pelo prazo de at\u00e9 90 dias, enquanto \u00e9 apreciado o Plano de Recupera\u00e7\u00e3o. Durante esse per\u00edodo ficam suspensos os pagamentos das d\u00edvidas com a Uni\u00e3o e os bloqueios financeiros efetuados em decorr\u00eancia de avais n\u00e3o pagos pelo ente e honrados pela Uni\u00e3o.\u00a0 Parcelas da d\u00edvida eventualmente n\u00e3o pagas passar\u00e3o a ser contabilizados como cr\u00e9dito da Uni\u00e3o, para posterior parcelamento no \u00e2mbito do Regime de Recupera\u00e7\u00e3o Fiscal<u><\/u><u><\/u><\/p>\n<p class=\"m_3633517218737583802EMNum\">\u00b7\u00a0\u00a0\u00a0\u00a0\u00a0 A n\u00e3o aprova\u00e7\u00e3o do Plano de Recupera\u00e7\u00e3o ao fim dos 90 dias implicar\u00e1 a cobran\u00e7a imediata de todos os valores n\u00e3o pagos.<u><\/u><u><\/u><\/p>\n<p class=\"m_3633517218737583802EMNum\">\u00b7\u00a0\u00a0\u00a0\u00a0\u00a0 A autoridade respons\u00e1vel ser\u00e1 definida pelo Presidente da Rep\u00fablica no ato da homologa\u00e7\u00e3o do Plano <u><\/u><u><\/u><\/p>\n<p class=\"m_3633517218737583802EMNum\">\n<p class=\"m_3633517218737583802EMNum\">\u00b7\u00a0\u00a0\u00a0\u00a0\u00a0\u00a0\u00a0\u00a0 <b>Fim do Regime de Recupera\u00e7\u00e3o:<u><\/u><u><\/u><\/b><\/p>\n<p class=\"m_3633517218737583802EMNum\">\u00b7\u00a0\u00a0\u00a0\u00a0\u00a0 Alcan\u00e7ado o equil\u00edbrio fiscal e financeiro, conforme avalia\u00e7\u00e3o do \u00d3rg\u00e3o Supervisor<u><\/u><u><\/u><\/p>\n<p class=\"m_3633517218737583802EMNum\">\u00b7\u00a0\u00a0\u00a0\u00a0\u00a0 Verifica\u00e7\u00e3o de insufici\u00eancia de esfor\u00e7o de ajuste fiscal, conforme avalia\u00e7\u00e3o do \u00d3rg\u00e3o Supervisor<u><\/u><u><\/u><\/p>\n<p class=\"m_3633517218737583802EMNum\">\u00b7\u00a0\u00a0\u00a0\u00a0\u00a0 Fim da vig\u00eancia do Plano de Recupera\u00e7\u00e3o.<u><\/u><u><\/u><\/p>\n<p class=\"m_3633517218737583802EMNum\">\n<p class=\"m_3633517218737583802EMNum\">\u00b7\u00a0\u00a0\u00a0\u00a0\u00a0\u00a0\u00a0\u00a0 <b>San\u00e7\u00f5es ao Estado pelo descumprimento de normas do Regime:<u><\/u><u><\/u><\/b><\/p>\n<p class=\"m_3633517218737583802EMNum\">\u00b7\u00a0\u00a0\u00a0\u00a0\u00a0 Suspens\u00e3o de acesso a novos financiamentos<u><\/u><u><\/u><\/p>\n<p class=\"m_3633517218737583802EMNum\">\u00b7\u00a0\u00a0\u00a0\u00a0\u00a0 Interrup\u00e7\u00e3o imediata do Regime de Recupera\u00e7\u00e3o Fiscal<u><\/u><u><\/u><\/p>\n<p class=\"m_3633517218737583802EMNum\">\u00b7\u00a0\u00a0\u00a0\u00a0\u00a0 Substitui\u00e7\u00e3o dos encargos financeiros previstos pelos de inadimplemento<u><\/u><u><\/u><\/p>\n<p class=\"m_3633517218737583802EMNum\">\u00b7\u00a0\u00a0\u00a0\u00a0\u00a0 Proibi\u00e7\u00e3o de novo Regime de Recupera\u00e7\u00e3o Fiscal pelo prazo de cinco anos<u><\/u><u><\/u><\/p>\n<p class=\"m_3633517218737583802EMNum\">\n<p class=\"m_3633517218737583802EMNum\">\u00b7\u00a0\u00a0\u00a0\u00a0\u00a0\u00a0\u00a0\u00a0 <b>San\u00e7\u00f5es ao gestor que descumprir as normas do regime<u><\/u><u><\/u><\/b><\/p>\n<p class=\"m_3633517218737583802EMNum\">\u00b7\u00a0\u00a0\u00a0\u00a0\u00a0 Reclus\u00e3o de um a quatro anos<u><\/u><u><\/u><\/p>\n<p class=\"m_3633517218737583802EMNum\">\u00b7\u00a0\u00a0\u00a0\u00a0\u00a0 Inelegibilidade<u><\/u><u><\/u><\/p>\n<p class=\"m_3633517218737583802EMNum\">\u00b7\u00a0\u00a0\u00a0\u00a0\u00a0 Crime de Responsabilidade<\/p>\n","protected":false},"excerpt":{"rendered":"<p>PROJETO DE LEI COMPLEMENTAR REGIME DE RECUPERA\u00c7\u00c3O FISCAL \u00b7\u00a0\u00a0\u00a0\u00a0\u00a0\u00a0\u00a0\u00a0 Escopo: Estados, Distrito Federal \u00b7\u00a0\u00a0\u00a0\u00a0\u00a0 Enquadramento: o Estado que apresentar cumulativamente: o\u00a0\u00a0 receita corrente l\u00edquida menor que a d\u00edvida consolidada; o\u00a0\u00a0 receita corrente menor que a soma das despesas de custeio;\u00a0 e o\u00a0\u00a0 volume de obriga\u00e7\u00f5es contra\u00eddas maior que as disponibilidades de caixa de recursos n\u00e3o vinculados \u00b7\u00a0\u00a0\u00a0\u00a0\u00a0\u00a0\u00a0\u00a0 Exig\u00eancias durante o [&hellip;]<\/p>\n","protected":false},"author":27,"featured_media":0,"comment_status":"open","ping_status":"closed","sticky":false,"template":"","format":"standard","meta":{"footnotes":""},"categories":[2719],"tags":[7,433,4665,943,102,810,101,4664],"class_list":["post-3891","post","type-post","status-publish","format-standard","hentry","category-servidor","tag-complementar","tag-distrito-federal","tag-escopo","tag-estados","tag-lei","tag-ministerio-da-fazenda","tag-projeto","tag-regime-de-recuperacao-fiscal"],"_links":{"self":[{"href":"https:\/\/blogs.correiobraziliense.com.br\/servidor\/wp-json\/wp\/v2\/posts\/3891","targetHints":{"allow":["GET"]}}],"collection":[{"href":"https:\/\/blogs.correiobraziliense.com.br\/servidor\/wp-json\/wp\/v2\/posts"}],"about":[{"href":"https:\/\/blogs.correiobraziliense.com.br\/servidor\/wp-json\/wp\/v2\/types\/post"}],"author":[{"embeddable":true,"href":"https:\/\/blogs.correiobraziliense.com.br\/servidor\/wp-json\/wp\/v2\/users\/27"}],"replies":[{"embeddable":true,"href":"https:\/\/blogs.correiobraziliense.com.br\/servidor\/wp-json\/wp\/v2\/comments?post=3891"}],"version-history":[{"count":1,"href":"https:\/\/blogs.correiobraziliense.com.br\/servidor\/wp-json\/wp\/v2\/posts\/3891\/revisions"}],"predecessor-version":[{"id":3892,"href":"https:\/\/blogs.correiobraziliense.com.br\/servidor\/wp-json\/wp\/v2\/posts\/3891\/revisions\/3892"}],"wp:attachment":[{"href":"https:\/\/blogs.correiobraziliense.com.br\/servidor\/wp-json\/wp\/v2\/media?parent=3891"}],"wp:term":[{"taxonomy":"category","embeddable":true,"href":"https:\/\/blogs.correiobraziliense.com.br\/servidor\/wp-json\/wp\/v2\/categories?post=3891"},{"taxonomy":"post_tag","embeddable":true,"href":"https:\/\/blogs.correiobraziliense.com.br\/servidor\/wp-json\/wp\/v2\/tags?post=3891"}],"curies":[{"name":"wp","href":"https:\/\/api.w.org\/{rel}","templated":true}]}}