{"id":3882,"date":"2016-12-13T15:55:11","date_gmt":"2016-12-13T17:55:11","guid":{"rendered":"https:\/\/blogs.correiobraziliense.com.br\/servidor\/?p=3882"},"modified":"2016-12-13T15:55:11","modified_gmt":"2016-12-13T17:55:11","slug":"ministro-raimundo-carreiro-toma-posse-amanha-como-presidente-do-tcu","status":"publish","type":"post","link":"https:\/\/blogs.correiobraziliense.com.br\/servidor\/ministro-raimundo-carreiro-toma-posse-amanha-como-presidente-do-tcu\/","title":{"rendered":"Ministro Raimundo Carreiro toma posse amanh\u00e3 como presidente do TCU"},"content":{"rendered":"<p>Os ministros Raimundo Carreiro e Jos\u00e9 M\u00facio Monteiro tomam posse amanh\u00e3, \u00e0s 10h, na sala de sess\u00f5es do TCU, nos cargos de presidente e vice-presidente do Tribunal de Contas da Uni\u00e3o (TCU). Eleitos por unanimidade na sess\u00e3o do dia 7 de dezembro, Carreiro e M\u00facio conduzir\u00e3o o Tribunal em 2017.<\/p>\n<p>A sess\u00e3o extraordin\u00e1ria para a posse dos eleitos reunir\u00e1 autoridades dos tr\u00eas poderes da rep\u00fablica, familiares e convidados dos ministros, al\u00e9m de membros do Tribunal de Contas da Uni\u00e3o e do Minist\u00e9rio P\u00fablico junto ao TCU.<\/p>\n<p><u>Servi\u00e7o<\/u><\/p>\n<p><strong>Posse do presidente e vice-presidente do Tribunal de Contas da Uni\u00e3o (TCU)<\/strong><\/p>\n<p>Quando: Quarta-feira, 14 de dezembro, \u00e0s 10h<\/p>\n<p>Local: Sede do TCU (Setor de Administra\u00e7\u00e3o Federal Sul \u2013 SAFS, Quadra 4, Lote 1)<\/p>\n","protected":false},"excerpt":{"rendered":"<p>Os ministros Raimundo Carreiro e Jos\u00e9 M\u00facio Monteiro tomam posse amanh\u00e3, \u00e0s 10h, na sala de sess\u00f5es do TCU, nos cargos de presidente e vice-presidente do Tribunal de Contas da Uni\u00e3o (TCU). Eleitos por unanimidade na sess\u00e3o do dia 7 de dezembro, Carreiro e M\u00facio conduzir\u00e3o o Tribunal em 2017. A sess\u00e3o extraordin\u00e1ria para a posse dos eleitos reunir\u00e1 autoridades [&hellip;]<\/p>\n","protected":false},"author":27,"featured_media":0,"comment_status":"open","ping_status":"closed","sticky":false,"template":"","format":"standard","meta":{"footnotes":""},"categories":[2719],"tags":[868,81,4660,635,2440],"class_list":["post-3882","post","type-post","status-publish","format-standard","hentry","category-servidor","tag-posse","tag-presidente","tag-raimundo-carreiro","tag-tcu","tag-unanimidade"],"_links":{"self":[{"href":"https:\/\/blogs.correiobraziliense.com.br\/servidor\/wp-json\/wp\/v2\/posts\/3882","targetHints":{"allow":["GET"]}}],"collection":[{"href":"https:\/\/blogs.correiobraziliense.com.br\/servidor\/wp-json\/wp\/v2\/posts"}],"about":[{"href":"https:\/\/blogs.correiobraziliense.com.br\/servidor\/wp-json\/wp\/v2\/types\/post"}],"author":[{"embeddable":true,"href":"https:\/\/blogs.correiobraziliense.com.br\/servidor\/wp-json\/wp\/v2\/users\/27"}],"replies":[{"embeddable":true,"href":"https:\/\/blogs.correiobraziliense.com.br\/servidor\/wp-json\/wp\/v2\/comments?post=3882"}],"version-history":[{"count":1,"href":"https:\/\/blogs.correiobraziliense.com.br\/servidor\/wp-json\/wp\/v2\/posts\/3882\/revisions"}],"predecessor-version":[{"id":3883,"href":"https:\/\/blogs.correiobraziliense.com.br\/servidor\/wp-json\/wp\/v2\/posts\/3882\/revisions\/3883"}],"wp:attachment":[{"href":"https:\/\/blogs.correiobraziliense.com.br\/servidor\/wp-json\/wp\/v2\/media?parent=3882"}],"wp:term":[{"taxonomy":"category","embeddable":true,"href":"https:\/\/blogs.correiobraziliense.com.br\/servidor\/wp-json\/wp\/v2\/categories?post=3882"},{"taxonomy":"post_tag","embeddable":true,"href":"https:\/\/blogs.correiobraziliense.com.br\/servidor\/wp-json\/wp\/v2\/tags?post=3882"}],"curies":[{"name":"wp","href":"https:\/\/api.w.org\/{rel}","templated":true}]}}