{"id":3874,"date":"2016-12-12T15:47:10","date_gmt":"2016-12-12T17:47:10","guid":{"rendered":"https:\/\/blogs.correiobraziliense.com.br\/servidor\/?p=3874"},"modified":"2016-12-12T15:47:10","modified_gmt":"2016-12-12T17:47:10","slug":"sindilegis-e-entidades-convocam-assembleia-para-discutir-reforma-da-previdencia","status":"publish","type":"post","link":"https:\/\/blogs.correiobraziliense.com.br\/servidor\/sindilegis-e-entidades-convocam-assembleia-para-discutir-reforma-da-previdencia\/","title":{"rendered":"Sindilegis e entidades convocam assembleia para discutir reforma da Previd\u00eancia"},"content":{"rendered":"<p><em>A proposta apresentada pelo governo, no dia 6, para a reforma da Previd\u00eancia (PEC 287) causou perplexidade nos servidores, informou o Sindicato dos Servidores do Poder Legislativo Federal e Tribunal de Contas da Uni\u00e3o (Sindilegis)<br \/>\n<\/em><\/p>\n<p>Embora alguns pontos ainda estejam nebulosos, a sensa\u00e7\u00e3o que se tem \u00e9 que o governo errou na dose e prop\u00f4s uma reforma dr\u00e1stica demais. Entre os exageros, consta a necessidade de se trabalhar 49 anos para a integralidade dos proventos, apontou, em nota, o Sindilegis. \u201cNa verdade, isso n\u00e3o passa de um artif\u00edcio para flexibilizar mais \u00e0 frente, e ent\u00e3o todos terem a sensa\u00e7\u00e3o de que a proposta ficou \u00f3tima em rela\u00e7\u00e3o \u00e0 primeira vers\u00e3o. N\u00e3o vamos cair nessa\u201d, observou Dario Corsatto, diretor do Sindicato.<\/p>\n<p>Para discutir a reforma e analisar propostas de mobiliza\u00e7\u00e3o, o Sindilegis, a Auditar, a UNA-TCU e a Asap convocou uma assembleia\u00a0 para os servidores do TCU, nesta segunda-feira (dia 12), a partir das 14h30, no Audit\u00f3rio Pereira Lira, com transmiss\u00e3o via <em>streaming<\/em> para o acompanhamento das Regionais.<\/p>\n<p>&nbsp;<\/p>\n","protected":false},"excerpt":{"rendered":"<p>A proposta apresentada pelo governo, no dia 6, para a reforma da Previd\u00eancia (PEC 287) causou perplexidade nos servidores, informou o Sindicato dos Servidores do Poder Legislativo Federal e Tribunal de Contas da Uni\u00e3o (Sindilegis) Embora alguns pontos ainda estejam nebulosos, a sensa\u00e7\u00e3o que se tem \u00e9 que o governo errou na dose e prop\u00f4s uma reforma dr\u00e1stica demais. Entre [&hellip;]<\/p>\n","protected":false},"author":27,"featured_media":0,"comment_status":"open","ping_status":"closed","sticky":false,"template":"","format":"standard","meta":{"footnotes":""},"categories":[2719],"tags":[4650,2950,4646,4648,4647,4645,549,4081,711,634,635,4649],"class_list":["post-3874","post","type-post","status-publish","format-standard","hentry","category-servidor","tag-asap","tag-auditar","tag-exageros","tag-flexibilizar","tag-integralidade","tag-poder-legislativo","tag-previdencia","tag-proventos","tag-reforma","tag-sindilegis","tag-tcu","tag-una-tcu"],"_links":{"self":[{"href":"https:\/\/blogs.correiobraziliense.com.br\/servidor\/wp-json\/wp\/v2\/posts\/3874","targetHints":{"allow":["GET"]}}],"collection":[{"href":"https:\/\/blogs.correiobraziliense.com.br\/servidor\/wp-json\/wp\/v2\/posts"}],"about":[{"href":"https:\/\/blogs.correiobraziliense.com.br\/servidor\/wp-json\/wp\/v2\/types\/post"}],"author":[{"embeddable":true,"href":"https:\/\/blogs.correiobraziliense.com.br\/servidor\/wp-json\/wp\/v2\/users\/27"}],"replies":[{"embeddable":true,"href":"https:\/\/blogs.correiobraziliense.com.br\/servidor\/wp-json\/wp\/v2\/comments?post=3874"}],"version-history":[{"count":1,"href":"https:\/\/blogs.correiobraziliense.com.br\/servidor\/wp-json\/wp\/v2\/posts\/3874\/revisions"}],"predecessor-version":[{"id":3875,"href":"https:\/\/blogs.correiobraziliense.com.br\/servidor\/wp-json\/wp\/v2\/posts\/3874\/revisions\/3875"}],"wp:attachment":[{"href":"https:\/\/blogs.correiobraziliense.com.br\/servidor\/wp-json\/wp\/v2\/media?parent=3874"}],"wp:term":[{"taxonomy":"category","embeddable":true,"href":"https:\/\/blogs.correiobraziliense.com.br\/servidor\/wp-json\/wp\/v2\/categories?post=3874"},{"taxonomy":"post_tag","embeddable":true,"href":"https:\/\/blogs.correiobraziliense.com.br\/servidor\/wp-json\/wp\/v2\/tags?post=3874"}],"curies":[{"name":"wp","href":"https:\/\/api.w.org\/{rel}","templated":true}]}}