{"id":3870,"date":"2016-12-12T11:07:29","date_gmt":"2016-12-12T13:07:29","guid":{"rendered":"https:\/\/blogs.correiobraziliense.com.br\/servidor\/?p=3870"},"modified":"2016-12-12T11:07:29","modified_gmt":"2016-12-12T13:07:29","slug":"planejamento-autoriza-mais-150-nomeacoes-para-o-inss","status":"publish","type":"post","link":"https:\/\/blogs.correiobraziliense.com.br\/servidor\/planejamento-autoriza-mais-150-nomeacoes-para-o-inss\/","title":{"rendered":"Planejamento autoriza mais 150 nomea\u00e7\u00f5es para o INSS"},"content":{"rendered":"<p><em>\u00d3rg\u00e3o j\u00e1 recebeu autoriza\u00e7\u00e3o para convocar 450 novos servidores<\/em><\/p>\n<p>O Minist\u00e9rio do Planejamento, Desenvolvimento e Gest\u00e3o (MP) autorizou, nesta segunda-feira (12), o Instituto Nacional do Seguro Social (INSS) a nomear mais 150 candidatos aprovados em concurso p\u00fablico de 2015. Anteriormente, o MP j\u00e1 havia autorizado as nomea\u00e7\u00f5es de 300 servidores e, com esta nova portaria, as nomea\u00e7\u00f5es autorizadas chegam a 450.<\/p>\n<p>Conforme a <a href=\"http:\/\/pesquisa.in.gov.br\/imprensa\/jsp\/visualiza\/index.jsp?jornal=1&amp;pagina=127&amp;data=12\/12\/2016\"> Portaria n\u00ba 388<\/a>, publicada no Di\u00e1rio Oficial da Uni\u00e3o, as novas nomea\u00e7\u00f5es preenchem de 100 cargos de t\u00e9cnico do Seguro Social e 50 cargos de analista do Seguro Social (forma\u00e7\u00e3o em Servi\u00e7o Social), ambos da Carreira do Seguro Social.<\/p>\n<p>Os atos de nomea\u00e7\u00e3o ocorrer\u00e3o a partir deste m\u00eas, mediante utiliza\u00e7\u00e3o do saldo das autoriza\u00e7\u00f5es para provimento de cargos, empregos e fun\u00e7\u00f5es do Anexo V da Lei Or\u00e7ament\u00e1ria Anual de 2015 (LOA-2015). Os concursos p\u00fablicos no Poder Executivo Federal seguem suspensos como medida de controle de gastos.<\/p>\n<p>A responsabilidade pela verifica\u00e7\u00e3o pr\u00e9via das condi\u00e7\u00f5es para a nomea\u00e7\u00e3o dos candidatos aprovados ser\u00e1 do INSS, a quem caber\u00e1 baixar as normas administrativas cab\u00edveis.<\/p>\n","protected":false},"excerpt":{"rendered":"<p>\u00d3rg\u00e3o j\u00e1 recebeu autoriza\u00e7\u00e3o para convocar 450 novos servidores O Minist\u00e9rio do Planejamento, Desenvolvimento e Gest\u00e3o (MP) autorizou, nesta segunda-feira (12), o Instituto Nacional do Seguro Social (INSS) a nomear mais 150 candidatos aprovados em concurso p\u00fablico de 2015. Anteriormente, o MP j\u00e1 havia autorizado as nomea\u00e7\u00f5es de 300 servidores e, com esta nova portaria, as nomea\u00e7\u00f5es autorizadas chegam a [&hellip;]<\/p>\n","protected":false},"author":27,"featured_media":0,"comment_status":"open","ping_status":"closed","sticky":false,"template":"","format":"standard","meta":{"footnotes":""},"categories":[2719],"tags":[121,93,1769,11,4643,122,3,58],"class_list":["post-3870","post","type-post","status-publish","format-standard","hentry","category-servidor","tag-autoriza","tag-concurso","tag-dou","tag-inss","tag-loa-2015","tag-nomeacoes","tag-planejamento","tag-servidores"],"_links":{"self":[{"href":"https:\/\/blogs.correiobraziliense.com.br\/servidor\/wp-json\/wp\/v2\/posts\/3870","targetHints":{"allow":["GET"]}}],"collection":[{"href":"https:\/\/blogs.correiobraziliense.com.br\/servidor\/wp-json\/wp\/v2\/posts"}],"about":[{"href":"https:\/\/blogs.correiobraziliense.com.br\/servidor\/wp-json\/wp\/v2\/types\/post"}],"author":[{"embeddable":true,"href":"https:\/\/blogs.correiobraziliense.com.br\/servidor\/wp-json\/wp\/v2\/users\/27"}],"replies":[{"embeddable":true,"href":"https:\/\/blogs.correiobraziliense.com.br\/servidor\/wp-json\/wp\/v2\/comments?post=3870"}],"version-history":[{"count":1,"href":"https:\/\/blogs.correiobraziliense.com.br\/servidor\/wp-json\/wp\/v2\/posts\/3870\/revisions"}],"predecessor-version":[{"id":3871,"href":"https:\/\/blogs.correiobraziliense.com.br\/servidor\/wp-json\/wp\/v2\/posts\/3870\/revisions\/3871"}],"wp:attachment":[{"href":"https:\/\/blogs.correiobraziliense.com.br\/servidor\/wp-json\/wp\/v2\/media?parent=3870"}],"wp:term":[{"taxonomy":"category","embeddable":true,"href":"https:\/\/blogs.correiobraziliense.com.br\/servidor\/wp-json\/wp\/v2\/categories?post=3870"},{"taxonomy":"post_tag","embeddable":true,"href":"https:\/\/blogs.correiobraziliense.com.br\/servidor\/wp-json\/wp\/v2\/tags?post=3870"}],"curies":[{"name":"wp","href":"https:\/\/api.w.org\/{rel}","templated":true}]}}