{"id":387,"date":"2015-08-18T17:14:00","date_gmt":"2015-08-18T17:14:00","guid":{"rendered":"https:\/\/blogs.correiobraziliense.com.br\/servidor\/bancarios_farao_primeira_rodada_de_negociacao_com_fenaban\/"},"modified":"2015-08-18T17:14:00","modified_gmt":"2015-08-18T17:14:00","slug":"bancarios_farao_primeira_rodada_de_negociacao_com_fenaban","status":"publish","type":"post","link":"https:\/\/blogs.correiobraziliense.com.br\/servidor\/bancarios_farao_primeira_rodada_de_negociacao_com_fenaban\/","title":{"rendered":"BANC\u00c1RIOS FAR\u00c3O PRIMEIRA RODADA DE NEGOCIA\u00c7\u00c3O COM FENABAN"},"content":{"rendered":"<p>O  Comando Nacional dos Banc\u00e1rios participar\u00e1 nesta quarta-feira (19), em  reuni\u00e3o no Hotel Maksoud Plaza, em S\u00e3o Paulo, a partir das 10 horas, da  primeira rodada de negocia\u00e7\u00e3o com a Fenaban na Campanha Nacional 2015. O  tema ser\u00e1 emprego.  <\/p>\n<p>De acordo com a Confedera\u00e7\u00e3o dos Trabalhadores do Ramo Financeiro (Contraf-CUT), a categoria vai negociar o fim das demiss\u00f5es e  garantia no emprego, o fim da rotatividade e o combate \u00e0 terceiriza\u00e7\u00e3o,  entre outros temas.&nbsp;Os  bancos que operam no Brasil fecharam 2.795 postos de trabalho nos  primeiros seis meses de 2015, de acordo com a Pesquisa de Emprego  Banc\u00e1rio (PEB), da Contraf As redu\u00e7\u00f5es mais expressivas  ocorreram no Rio de Janeiro (-771), Minas Gerais (-484) e S\u00e3o Paulo  (-458). &nbsp;Somente  o Ita\u00fa, Bradesco e Santander, do primeiro semestre de 2014 ao primeiro  semestre de 2015, fecharam 6.032 postos de trabalho. No mesmo per\u00edodo,  os tr\u00eas bancos tiveram um crescimento de 22,3% no seu lucro l\u00edquido.&nbsp;No  in\u00edcio dos anos 1990, o Brasil tinha 732 mil banc\u00e1rios. Em 2013, esse  n\u00famero caiu para 511 mil, segundo a Rela\u00e7\u00e3o Anual de Informa\u00e7\u00f5es Sociais  (RAIS), do Minist\u00e9rio do Trabalho e Emprego. No momento, 21 mil  banc\u00e1rios do HSBC, adquirido pelo Bradesco, correm risco de demiss\u00e3o.&nbsp;O  presidente da Contraf-CUT, Roberto von der Osten, lembra que uma  consulta aos banc\u00e1rios e tamb\u00e9m a confer\u00eancia nacional  da categoria deixaram claro que o tema emprego \u00e9 muito importante nessa  campanha. \u201cVivemos uma conjuntura onde o Congresso Nacional est\u00e1  debatendo a terceiriza\u00e7\u00e3o indiscriminada. Tamb\u00e9m h\u00e1 a possibilidade de  amplia\u00e7\u00e3o dos correspondentes banc\u00e1rios, a automa\u00e7\u00e3o banc\u00e1ria vem  crescendo e um dos seis grandes bancos, o HSBC, foi vendido para um  outro grande banco, o Bradesco. Temos que nos mobilizar para defender  esse direito social fundamental, que \u00e9 o emprego\u201d, acrescentou Roberto.<i> <\/p>\n<p><\/i><i> <\/p>\n<p><\/i><i>Bras\u00edlia, 17h10min<\/i>   <\/p>\n","protected":false},"excerpt":{"rendered":"<p>O Comando Nacional dos Banc\u00e1rios participar\u00e1 nesta quarta-feira (19), em reuni\u00e3o no Hotel Maksoud Plaza, em S\u00e3o Paulo, a partir das 10 horas, da primeira rodada de negocia\u00e7\u00e3o com a Fenaban na Campanha Nacional 2015. O tema ser\u00e1 emprego. De acordo com a Confedera\u00e7\u00e3o dos Trabalhadores do Ramo Financeiro (Contraf-CUT), a categoria vai negociar o fim das demiss\u00f5es e garantia [&hellip;]<\/p>\n","protected":false},"author":27,"featured_media":0,"comment_status":"open","ping_status":"open","sticky":false,"template":"","format":"standard","meta":{"footnotes":""},"categories":[1],"tags":[],"class_list":["post-387","post","type-post","status-publish","format-standard","hentry","category-sem-categoria"],"_links":{"self":[{"href":"https:\/\/blogs.correiobraziliense.com.br\/servidor\/wp-json\/wp\/v2\/posts\/387","targetHints":{"allow":["GET"]}}],"collection":[{"href":"https:\/\/blogs.correiobraziliense.com.br\/servidor\/wp-json\/wp\/v2\/posts"}],"about":[{"href":"https:\/\/blogs.correiobraziliense.com.br\/servidor\/wp-json\/wp\/v2\/types\/post"}],"author":[{"embeddable":true,"href":"https:\/\/blogs.correiobraziliense.com.br\/servidor\/wp-json\/wp\/v2\/users\/27"}],"replies":[{"embeddable":true,"href":"https:\/\/blogs.correiobraziliense.com.br\/servidor\/wp-json\/wp\/v2\/comments?post=387"}],"version-history":[{"count":0,"href":"https:\/\/blogs.correiobraziliense.com.br\/servidor\/wp-json\/wp\/v2\/posts\/387\/revisions"}],"wp:attachment":[{"href":"https:\/\/blogs.correiobraziliense.com.br\/servidor\/wp-json\/wp\/v2\/media?parent=387"}],"wp:term":[{"taxonomy":"category","embeddable":true,"href":"https:\/\/blogs.correiobraziliense.com.br\/servidor\/wp-json\/wp\/v2\/categories?post=387"},{"taxonomy":"post_tag","embeddable":true,"href":"https:\/\/blogs.correiobraziliense.com.br\/servidor\/wp-json\/wp\/v2\/tags?post=387"}],"curies":[{"name":"wp","href":"https:\/\/api.w.org\/{rel}","templated":true}]}}