{"id":3863,"date":"2016-12-09T20:20:12","date_gmt":"2016-12-09T22:20:12","guid":{"rendered":"https:\/\/blogs.correiobraziliense.com.br\/servidor\/?p=3863"},"modified":"2016-12-09T20:20:12","modified_gmt":"2016-12-09T22:20:12","slug":"forca-sindical-prepara-atos-por-mudancas-na-reforma-da-previdencia","status":"publish","type":"post","link":"https:\/\/blogs.correiobraziliense.com.br\/servidor\/forca-sindical-prepara-atos-por-mudancas-na-reforma-da-previdencia\/","title":{"rendered":"For\u00e7a Sindical prepara atos por mudan\u00e7as na reforma da Previd\u00eancia"},"content":{"rendered":"<p><em>A Executiva Nacional da For\u00e7a Sindical decidiu hoje programar atos contra a proposta de reforma da Previd\u00eancia. Os sindicalistas aprovaram um calend\u00e1rio de lutas e mobiliza\u00e7\u00f5es, que acontecer\u00e3o nos meses de janeiro, fevereiro e mar\u00e7o.<\/em><\/p>\n<p>As primeiras manifesta\u00e7\u00f5es\u00a0ser\u00e3o organizadas pelos aposentados, com a realiza\u00e7\u00e3o de atos, no dia 24 de janeiro, em v\u00e1rios Estados. J\u00e1 para o dia 25 de janeiro est\u00e1 programado um grande ato na Pra\u00e7a da S\u00e9, em S\u00e3o Paulo, organizado pelo Sindicato Nacional dos Aposentados da For\u00e7a Sindical. Neste ato haver\u00e1 tamb\u00e9m a participa\u00e7\u00e3o de sindicalistas.<\/p>\n<p>Os sindicalistas tamb\u00e9m decidiram que far\u00e3o,\u00a0nas primeiras semanas de fevereiro, manifesta\u00e7\u00f5es nas capitais dos Estados\u00a0para alertar e esclarecer a popula\u00e7\u00e3o sobre os exageros da PEC da Previd\u00eancia. Nesse per\u00edodo, eles tamb\u00e9m v\u00e3o\u00a0conversar com os parlamentares visando sensibiliz\u00e1-los sobre a necessidade de mudan\u00e7as na PEC.<\/p>\n<p>O presidente da For\u00e7a Sindical, Paulo Pereira da Silva, Paulinho da For\u00e7a,\u00a0afirmou, durante a reuni\u00e3o que contou com a presen\u00e7a de cerca de quatrocentos sindicalistas,\u00a0que os principais pontos da reforma proposta pelo governo s\u00e3o injustos e prejudicam os mais pobres. \u201cSomos contra a proposta do governo e vamos insistir nas mudan\u00e7as\u201d, disse.<\/p>\n<p>Os sindicalistas tamb\u00e9m aprovaram\u00a0\u00a0a proposta que Paulinho quer apresentar como emenda na C\u00e2mara dos Deputados de estabelecer uma idade m\u00ednima de sessenta anos para homens e 58 para mulheres, al\u00e9m de garantir transi\u00e7\u00e3o justa para todos. A For\u00e7a tamb\u00e9m vai lutar por uma Previd\u00eancia universal e sem privil\u00e9gios.<\/p>\n","protected":false},"excerpt":{"rendered":"<p>A Executiva Nacional da For\u00e7a Sindical decidiu hoje programar atos contra a proposta de reforma da Previd\u00eancia. Os sindicalistas aprovaram um calend\u00e1rio de lutas e mobiliza\u00e7\u00f5es, que acontecer\u00e3o nos meses de janeiro, fevereiro e mar\u00e7o. As primeiras manifesta\u00e7\u00f5es\u00a0ser\u00e3o organizadas pelos aposentados, com a realiza\u00e7\u00e3o de atos, no dia 24 de janeiro, em v\u00e1rios Estados. J\u00e1 para o dia 25 de [&hellip;]<\/p>\n","protected":false},"author":27,"featured_media":0,"comment_status":"open","ping_status":"closed","sticky":false,"template":"","format":"standard","meta":{"footnotes":""},"categories":[2719],"tags":[870,376,549,711],"class_list":["post-3863","post","type-post","status-publish","format-standard","hentry","category-servidor","tag-forca-sindical","tag-mudancas","tag-previdencia","tag-reforma"],"_links":{"self":[{"href":"https:\/\/blogs.correiobraziliense.com.br\/servidor\/wp-json\/wp\/v2\/posts\/3863","targetHints":{"allow":["GET"]}}],"collection":[{"href":"https:\/\/blogs.correiobraziliense.com.br\/servidor\/wp-json\/wp\/v2\/posts"}],"about":[{"href":"https:\/\/blogs.correiobraziliense.com.br\/servidor\/wp-json\/wp\/v2\/types\/post"}],"author":[{"embeddable":true,"href":"https:\/\/blogs.correiobraziliense.com.br\/servidor\/wp-json\/wp\/v2\/users\/27"}],"replies":[{"embeddable":true,"href":"https:\/\/blogs.correiobraziliense.com.br\/servidor\/wp-json\/wp\/v2\/comments?post=3863"}],"version-history":[{"count":1,"href":"https:\/\/blogs.correiobraziliense.com.br\/servidor\/wp-json\/wp\/v2\/posts\/3863\/revisions"}],"predecessor-version":[{"id":3864,"href":"https:\/\/blogs.correiobraziliense.com.br\/servidor\/wp-json\/wp\/v2\/posts\/3863\/revisions\/3864"}],"wp:attachment":[{"href":"https:\/\/blogs.correiobraziliense.com.br\/servidor\/wp-json\/wp\/v2\/media?parent=3863"}],"wp:term":[{"taxonomy":"category","embeddable":true,"href":"https:\/\/blogs.correiobraziliense.com.br\/servidor\/wp-json\/wp\/v2\/categories?post=3863"},{"taxonomy":"post_tag","embeddable":true,"href":"https:\/\/blogs.correiobraziliense.com.br\/servidor\/wp-json\/wp\/v2\/tags?post=3863"}],"curies":[{"name":"wp","href":"https:\/\/api.w.org\/{rel}","templated":true}]}}