{"id":3853,"date":"2016-12-09T12:25:22","date_gmt":"2016-12-09T14:25:22","guid":{"rendered":"https:\/\/blogs.correiobraziliense.com.br\/servidor\/?p=3853"},"modified":"2016-12-09T12:25:22","modified_gmt":"2016-12-09T14:25:22","slug":"ex-ministros-jose-cechin-e-walter-barelli-debatem-reforma-da-previdencia-social-na-fecomerciosp","status":"publish","type":"post","link":"https:\/\/blogs.correiobraziliense.com.br\/servidor\/ex-ministros-jose-cechin-e-walter-barelli-debatem-reforma-da-previdencia-social-na-fecomerciosp\/","title":{"rendered":"Ex-ministros Jos\u00e9 Cechin e Walter Barelli debatem a reforma da Previd\u00eancia Social na FecomercioSP"},"content":{"rendered":"<p><i>O evento &#8220;A Reforma da Previd\u00eancia Social&#8221; , do Conselho de Emprego e Rela\u00e7\u00f5es do Trabalho da FecomercioSP, debater\u00e1 os aspectos para a sustentabilidade do sistema previdenci\u00e1rio<\/i><\/p>\n<p>A Federa\u00e7\u00e3o do Com\u00e9rcio de Bens, Servi\u00e7os e Turismo do Estado de S\u00e3o Paulo (FecomercioSP), por meio do seu Conselho de Emprego e Rela\u00e7\u00f5es do Trabalho, realizar\u00e1 em 16 de dezembro um semin\u00e1rio para debater a reforma da Previd\u00eancia Social. O objetivo \u00e9 esclarecer, com transpar\u00eancia, as mudan\u00e7as necess\u00e1rias para a sustentabilidade da Previd\u00eancia Social.<\/p>\n<p>O encontro contar\u00e1 com dois pain\u00e9is e ter\u00e1 como anfitri\u00e3o o presidente do Conselho, Jos\u00e9 Pastore. No primeiro painel o diretor t\u00e9cnico do Dieese, Clemente Ganz L\u00facio, far\u00e1 uma exposi\u00e7\u00e3o acerca das solu\u00e7\u00f5es administrativas para a Reforma da Previd\u00eancia. J\u00e1 o segundo ser\u00e1 conduzido pelo ex-ministro da Previd\u00eancia Social, Jos\u00e9 Cechin e pelo economista Paulo Tafner, os quais apresentar\u00e3o seus pontos de vista sobre os poss\u00edveis caminhos para a Reforma da Previd\u00eancia. Ambos pain\u00e9is ter\u00e3o o ex-ministro do Trabalho, Walter Barelli, como mediador.<\/p>\n<p>Para a Federa\u00e7\u00e3o, a ades\u00e3o da sociedade brasileira \u00e0 reforma da Previd\u00eancia Social \u00e9 fundamental para garantir a sustentabilidade da d\u00edvida p\u00fablica, visto que, no ano passado, o d\u00e9ficit do Regime Geral do sistema previdenci\u00e1rio aumentou para R$ 85 bilh\u00f5es em termos reais. Vale tamb\u00e9m ressaltar que, em paralelo, a redu\u00e7\u00e3o do emprego formal e da renda vem impactando a arrecada\u00e7\u00e3o do governo, enquanto o aumento do sal\u00e1rio m\u00ednimo encareceu as despesas do INSS.<\/p>\n<p>O semin\u00e1rio ter\u00e1 in\u00edcio \u00e0s 10h, na sede da FecomercioSP, na rua Dr. Pl\u00ednio Barreto, 285 &#8211; Bela Vista, S\u00e3o Paulo.<\/p>\n<p><strong>Sobre a FecomercioSP<\/strong><\/p>\n<p>A Federa\u00e7\u00e3o do Com\u00e9rcio de Bens, Servi\u00e7os e Turismo do Estado de S\u00e3o Paulo (FecomercioSP) \u00e9 a principal entidade sindical paulista dos setores de com\u00e9rcio e servi\u00e7os. Congrega 157 sindicatos patronais e administra, no Estado, o Servi\u00e7o Social do Com\u00e9rcio (Sesc) e o Servi\u00e7o Nacional de Aprendizagem Comercial (Senac). A Entidade representa um segmento da economia que mobiliza mais de 1,8 milh\u00e3o de atividades empresariais de todos os portes. Esse universo responde por cerca de 30% do PIB paulista &#8211; e quase 10% do PIB brasileiro &#8211; gerando em torno de 10 milh\u00f5es de empregos.<\/p>\n","protected":false},"excerpt":{"rendered":"<p>O evento &#8220;A Reforma da Previd\u00eancia Social&#8221; , do Conselho de Emprego e Rela\u00e7\u00f5es do Trabalho da FecomercioSP, debater\u00e1 os aspectos para a sustentabilidade do sistema previdenci\u00e1rio A Federa\u00e7\u00e3o do Com\u00e9rcio de Bens, Servi\u00e7os e Turismo do Estado de S\u00e3o Paulo (FecomercioSP), por meio do seu Conselho de Emprego e Rela\u00e7\u00f5es do Trabalho, realizar\u00e1 em 16 de dezembro um semin\u00e1rio [&hellip;]<\/p>\n","protected":false},"author":27,"featured_media":0,"comment_status":"open","ping_status":"closed","sticky":false,"template":"","format":"standard","meta":{"footnotes":""},"categories":[2719],"tags":[847,2026,4631,4629,4632,1603,711,4630],"class_list":["post-3853","post","type-post","status-publish","format-standard","hentry","category-servidor","tag-debate","tag-dieese","tag-fecomerciosp","tag-jose-cechin","tag-jose-pastore","tag-previdencia-social","tag-reforma","tag-walter-barelli"],"_links":{"self":[{"href":"https:\/\/blogs.correiobraziliense.com.br\/servidor\/wp-json\/wp\/v2\/posts\/3853","targetHints":{"allow":["GET"]}}],"collection":[{"href":"https:\/\/blogs.correiobraziliense.com.br\/servidor\/wp-json\/wp\/v2\/posts"}],"about":[{"href":"https:\/\/blogs.correiobraziliense.com.br\/servidor\/wp-json\/wp\/v2\/types\/post"}],"author":[{"embeddable":true,"href":"https:\/\/blogs.correiobraziliense.com.br\/servidor\/wp-json\/wp\/v2\/users\/27"}],"replies":[{"embeddable":true,"href":"https:\/\/blogs.correiobraziliense.com.br\/servidor\/wp-json\/wp\/v2\/comments?post=3853"}],"version-history":[{"count":1,"href":"https:\/\/blogs.correiobraziliense.com.br\/servidor\/wp-json\/wp\/v2\/posts\/3853\/revisions"}],"predecessor-version":[{"id":3854,"href":"https:\/\/blogs.correiobraziliense.com.br\/servidor\/wp-json\/wp\/v2\/posts\/3853\/revisions\/3854"}],"wp:attachment":[{"href":"https:\/\/blogs.correiobraziliense.com.br\/servidor\/wp-json\/wp\/v2\/media?parent=3853"}],"wp:term":[{"taxonomy":"category","embeddable":true,"href":"https:\/\/blogs.correiobraziliense.com.br\/servidor\/wp-json\/wp\/v2\/categories?post=3853"},{"taxonomy":"post_tag","embeddable":true,"href":"https:\/\/blogs.correiobraziliense.com.br\/servidor\/wp-json\/wp\/v2\/tags?post=3853"}],"curies":[{"name":"wp","href":"https:\/\/api.w.org\/{rel}","templated":true}]}}