{"id":385,"date":"2015-08-18T12:23:00","date_gmt":"2015-08-18T12:23:00","guid":{"rendered":"https:\/\/blogs.correiobraziliense.com.br\/servidor\/congresso_dificilmente_derrubara_veto_de_dilma_ao_plc_282015\/"},"modified":"2015-08-18T12:23:00","modified_gmt":"2015-08-18T12:23:00","slug":"congresso_dificilmente_derrubara_veto_de_dilma_ao_plc_282015","status":"publish","type":"post","link":"https:\/\/blogs.correiobraziliense.com.br\/servidor\/congresso_dificilmente_derrubara_veto_de_dilma_ao_plc_282015\/","title":{"rendered":"CONGRESSO DIFICILMENTE DERRUBAR\u00c1 VETO DE DILMA AO PLC 28\/2015"},"content":{"rendered":"<p> <i>Amarildo Vieira, diretor-geral do Supremo Tribunal Federal (STF), afirma que conquista do reajuste de 41,47% foi uma vit\u00f3ria. Cada aumento de R$ 1 mil nos sal\u00e1rios provoca impacto de R$ 1,5 bilh\u00e3o na folha de pagamento<\/i>      <\/p>\n<p>&nbsp;     <\/p>\n<p><b>VEJA <a href=\"https:\/\/youtu.be\/CqYqDC2KenE\">AQUI<\/a> A ENTREVISTA COM AMARILDO VIEIRA<\/b> <\/p>\n<p>Embora os servidores do Judici\u00e1rio continuem indignados, a rejei\u00e7\u00e3o ao Veto 26, da presidente Dilma Roussef, ao projeto (PLC 28\/2015), que estabelece reajustes salariais de 53% a 78%, dificilmente acontecer\u00e1, ap\u00f3s o acordo com o Executivo para aumento escalonado de 41,47%, at\u00e9 2019. \u201cDiante da conjuntura econ\u00f4mica, os 41,47% s\u00e3o uma vit\u00f3ria\u201d, analisou Amarildo Vieira, diretor-geral do Supremo Tribunal Federal (STF). Ele explicou que todos os trabalhadores, sem exce\u00e7\u00e3o, ter\u00e3o direito ao percentual cheio, que representa 12% do vencimento b\u00e1sico e 50% da gratifica\u00e7\u00e3o. \u201c\u00c9 importante destacar que cada R$ 1 mil de alta no sal\u00e1rio provoca impacto de R$ 1,566 bilh\u00e3o na folha de pagamento\u201d, esclareceu.      <\/p>\n<p> O montante pode ser maior. O Judici\u00e1rio federal n\u00e3o para de crescer: em 2012, eram 103.500 mil funcion\u00e1rios. Agora, s\u00e3o 117.500. \u201cN\u00e3o creio que o presidente do Congresso, senador Renan Calheiros, que entende a necessidade de um severo ajuste fiscal, paute a mat\u00e9ria para amanh\u00e3 (hoje). O presidente do STF, ministro Ricardo Lewandowski, tamb\u00e9m j\u00e1 disse que n\u00e3o aprova a derrubada do veto\u201d, argumentou Vieira. Atualmente, assinalou, um analista judici\u00e1rio ganha entre R$ 8,2 mil e R$ 13,2 mil (in\u00edcio e fim de carreira) e um t\u00e9cnico, de R$ 5 e R$ 8 mil. Em junho de 2019, o analista passar\u00e1 a R$ 11,7 mil e R$ 18,7 mil e o t\u00e9cnico a R$ 7,1 mil e R$ 11,3 mil.       <\/p>\n<p>  Amarildo Vieira lembrou tamb\u00e9m que, a partir de 2020, o acr\u00e9scimo adicional na folha de pagamento ser\u00e1 de R$ 5,99 bilh\u00f5es. \u201cMas ao longo dos anos, considerando os oito semestres, ultrapassa os R$ 14 bilh\u00f5es\u201d. Ele considerou \u201cabsurda\u201d a declara\u00e7\u00e3o de sindicalistas de que os cargos comissionados ganharam mais que os concursados (25%). \u201cEsses, sim, n\u00e3o tinham aumento h\u00e1 10 anos. E s\u00e3o poucos, cerca de 10 mil, com impacto financeiro em trono de R$ 200 milh\u00f5es por ano\u201d.      <\/p>\n<p> A diferen\u00e7a maior, no entanto, est\u00e1 entre o que receberam os servidores e os ministros. Os mandantes dos tribunais ganhar\u00e3o 16,38%, \u00e0 vista, em 2016. Ou seja, aumento m\u00e9dio imediato de R$ 3.417 mensais nos contracheques, que poder\u00e3o crescer em 2017, pois anualmente eles t\u00eam o poder de decidir quanto v\u00e3o acrescentar. Seus subalternos ficar\u00e3o com R$ 3,824 at\u00e9 2019, o que significa ganho m\u00e9dio de R$ 956,09 mensais a cada ano. \u201cOs m\u00e9todos de reajuste s\u00e3o diferentes. Mas, ao longo do tempo, os percentuais s\u00e3o pr\u00f3ximos\u201d, disse.      <\/p>\n<p><b>Protesto dos servidores<\/b>      <\/p>\n<p> Os servidores n\u00e3o se conformam. Voltar\u00e3o \u00e0s ruas, hoje, para pressionar o Congresso a pautar e rejeitar o veto da presidente Dilma. Prometem que mais de 8 mil pessoas far\u00e3o manifesta\u00e7\u00f5es a partir das 14 horas. \u201cO acordo com o Executivo n\u00e3o nos contempla, sequer rep\u00f5e as perdas inflacion\u00e1rias. J\u00e1 recusamos essa proposta. Continuaremos a luta pela derrubada do veto\u201d, destacou Cledo Vieira, coordenador-geral da Federa\u00e7\u00e3o Nacional dos Trabalhadores do Judici\u00e1rio (Fenajufe). A indica\u00e7\u00e3o \u00e9 de que a greve da categoria, que come\u00e7ou em 9 de junho, continue at\u00e9 que as reivindica\u00e7\u00f5es sejam atendidas.       <\/p>\n<p><i>Bras\u00edlia, 12h23min<\/i>      <\/p>\n","protected":false},"excerpt":{"rendered":"<p>Amarildo Vieira, diretor-geral do Supremo Tribunal Federal (STF), afirma que conquista do reajuste de 41,47% foi uma vit\u00f3ria. Cada aumento de R$ 1 mil nos sal\u00e1rios provoca impacto de R$ 1,5 bilh\u00e3o na folha de pagamento &nbsp; VEJA AQUI A ENTREVISTA COM AMARILDO VIEIRA Embora os servidores do Judici\u00e1rio continuem indignados, a rejei\u00e7\u00e3o ao Veto 26, da presidente Dilma Roussef, [&hellip;]<\/p>\n","protected":false},"author":27,"featured_media":0,"comment_status":"open","ping_status":"open","sticky":false,"template":"","format":"standard","meta":{"footnotes":""},"categories":[1],"tags":[],"class_list":["post-385","post","type-post","status-publish","format-standard","hentry","category-sem-categoria"],"_links":{"self":[{"href":"https:\/\/blogs.correiobraziliense.com.br\/servidor\/wp-json\/wp\/v2\/posts\/385","targetHints":{"allow":["GET"]}}],"collection":[{"href":"https:\/\/blogs.correiobraziliense.com.br\/servidor\/wp-json\/wp\/v2\/posts"}],"about":[{"href":"https:\/\/blogs.correiobraziliense.com.br\/servidor\/wp-json\/wp\/v2\/types\/post"}],"author":[{"embeddable":true,"href":"https:\/\/blogs.correiobraziliense.com.br\/servidor\/wp-json\/wp\/v2\/users\/27"}],"replies":[{"embeddable":true,"href":"https:\/\/blogs.correiobraziliense.com.br\/servidor\/wp-json\/wp\/v2\/comments?post=385"}],"version-history":[{"count":0,"href":"https:\/\/blogs.correiobraziliense.com.br\/servidor\/wp-json\/wp\/v2\/posts\/385\/revisions"}],"wp:attachment":[{"href":"https:\/\/blogs.correiobraziliense.com.br\/servidor\/wp-json\/wp\/v2\/media?parent=385"}],"wp:term":[{"taxonomy":"category","embeddable":true,"href":"https:\/\/blogs.correiobraziliense.com.br\/servidor\/wp-json\/wp\/v2\/categories?post=385"},{"taxonomy":"post_tag","embeddable":true,"href":"https:\/\/blogs.correiobraziliense.com.br\/servidor\/wp-json\/wp\/v2\/tags?post=385"}],"curies":[{"name":"wp","href":"https:\/\/api.w.org\/{rel}","templated":true}]}}