{"id":384,"date":"2015-08-17T17:35:00","date_gmt":"2015-08-17T17:35:00","guid":{"rendered":"https:\/\/blogs.correiobraziliense.com.br\/servidor\/servidores_do_judiciario_exigem_rejeicao_ao_veto_ao_plc_282015\/"},"modified":"2015-08-17T17:35:00","modified_gmt":"2015-08-17T17:35:00","slug":"servidores_do_judiciario_exigem_rejeicao_ao_veto_ao_plc_282015","status":"publish","type":"post","link":"https:\/\/blogs.correiobraziliense.com.br\/servidor\/servidores_do_judiciario_exigem_rejeicao_ao_veto_ao_plc_282015\/","title":{"rendered":"SERVIDORES DO JUDICI\u00c1RIO EXIGEM REJEI\u00c7\u00c3O AO VETO AO PLC 28\/2015"},"content":{"rendered":"<p><i>Em ato nacional, brigam por reposi\u00e7\u00e3o das perdas salariais. Manifesta\u00e7\u00e3o est\u00e1 programada para come\u00e7ar as 14 horas, em frente ao Congresso Nacional. <\/p>\n<p><\/i> <\/p>\n<p>Servidores do Judici\u00e1rio federal voltar\u00e3o \u00e0s ruas nesta  ter\u00e7a-feira, 18, em todo o pa\u00eds. Caravanas dos Estados dever\u00e3o trazer cerca de  quatro mil manifestantes a Bras\u00edlia, que se juntar\u00e3o a outros 10 mil do Distrito  Federal. O protesto acontece para pressionar o Congresso Nacional a pautar e  rejeitar o Veto 26, referente ao veto da presidente Dilma Rousseff ao PLC  28\/2015, que estabelecia a reposi\u00e7\u00e3o das perdas salariais, acumuladas ao longo  de quase dez anos sem corre\u00e7\u00e3o dos sal\u00e1rios. <\/p>\n<p>Em  Bras\u00edlia, os servidores v\u00e3o se concentrar em frente ao Congresso durante todo o  dia. A manifesta\u00e7\u00e3o est\u00e1 programada para come\u00e7ar \u00e0s 14 horas e se estender\u00e1 por  todo o dia. Nos Estados e no Distrito Federal ainda acontecer\u00e3o apag\u00f5es gerais e  concentra\u00e7\u00f5es nas unidades do Judici\u00e1rio federal. <\/p>\n<p> De acordo com a Federa\u00e7\u00e3o Nacional dos Trabalhadores do Judici\u00e1rio Federal (Fenajufe), durante encontros com o presidente do  Congresso, senador Renan Calheiros, a categoria foi informada que a inclus\u00e3o do  Veto 26 na pauta desta ter\u00e7a-feira, 18, depender\u00e1 de reuni\u00e3o do Col\u00e9gio de  L\u00edderes das duas casas. Os servidores est\u00e3o no trabalho de corpo-a-corpo com os  parlamentares h\u00e1 cerca de 40 dias. Eles pedem que deputados e senadores ajudem a  pautar, defendam a rejei\u00e7\u00e3o e votem pela derrubada do Veto 26 ao PLC  28\/2015. <\/p>\n<p> Em  junho de 2014, relatou a Fenajufe, o STF enviou \u00e0 C\u00e2mara dos Deputados, anteprojeto de lei com a  proposta de reajuste dos servidores. Na Casa, ele recebe a designa\u00e7\u00e3o de PL  7920\/2014 e ap\u00f3s conclu\u00edda a tramita\u00e7\u00e3o, segue para o Senado onde passa a ser o  PLC 28\/2015. Em 30 de junho de 2015 o PLC 28 \u00e9 aprovado e enviado ao Pal\u00e1cio do  Planalto para san\u00e7\u00e3o ou veto. Dilma Rousseff veta o PLC 28 em 21 de julho e o  encaminha ao Congresso ao Nacional, onde agora \u00e9 o Veto 26. <\/p>\n<p> Nova  proposta de reajuste dos servidores do Judici\u00e1rio federal, negociada entre o STF  e o governo \u00e9 apresentada \u00e0 categoria em 12 de Agosto de 2015. Com reajuste na  casa de 23% e dividido em oito presta\u00e7\u00f5es. O os servidores recha\u00e7am a proposta e  mant\u00e9m a luta pela derrubada do veto ao PLC 28\/2015. <\/p>\n<p> <b><i>O qu\u00ea?<\/i><\/b> Ato Nacional, nos  Estados e no Distrito Federal. <b><i>Quando?<\/i><\/b> Ter\u00e7a-feira, 18 de  Agosto, a partir das 14 horas. <b><i>Onde?<\/i><\/b> Em Bras\u00edlia,  concentra\u00e7\u00e3o no gramado da Esplanada dos Minist\u00e9rios, em frente ao Congresso  Nacional (Alameda dos Estados). Nos Estados os apag\u00f5es e concentra\u00e7\u00f5es  acontecer\u00e3o nas unidades do Judici\u00e1rio Federal.<i> <\/p>\n<p><\/i><i> <\/p>\n<p><\/i><i>Bras\u00edlia, 17h35min<\/i> <\/p>\n","protected":false},"excerpt":{"rendered":"<p>Em ato nacional, brigam por reposi\u00e7\u00e3o das perdas salariais. Manifesta\u00e7\u00e3o est\u00e1 programada para come\u00e7ar as 14 horas, em frente ao Congresso Nacional. Servidores do Judici\u00e1rio federal voltar\u00e3o \u00e0s ruas nesta ter\u00e7a-feira, 18, em todo o pa\u00eds. Caravanas dos Estados dever\u00e3o trazer cerca de quatro mil manifestantes a Bras\u00edlia, que se juntar\u00e3o a outros 10 mil do Distrito Federal. O protesto [&hellip;]<\/p>\n","protected":false},"author":27,"featured_media":0,"comment_status":"open","ping_status":"open","sticky":false,"template":"","format":"standard","meta":{"footnotes":""},"categories":[1],"tags":[],"class_list":["post-384","post","type-post","status-publish","format-standard","hentry","category-sem-categoria"],"_links":{"self":[{"href":"https:\/\/blogs.correiobraziliense.com.br\/servidor\/wp-json\/wp\/v2\/posts\/384","targetHints":{"allow":["GET"]}}],"collection":[{"href":"https:\/\/blogs.correiobraziliense.com.br\/servidor\/wp-json\/wp\/v2\/posts"}],"about":[{"href":"https:\/\/blogs.correiobraziliense.com.br\/servidor\/wp-json\/wp\/v2\/types\/post"}],"author":[{"embeddable":true,"href":"https:\/\/blogs.correiobraziliense.com.br\/servidor\/wp-json\/wp\/v2\/users\/27"}],"replies":[{"embeddable":true,"href":"https:\/\/blogs.correiobraziliense.com.br\/servidor\/wp-json\/wp\/v2\/comments?post=384"}],"version-history":[{"count":0,"href":"https:\/\/blogs.correiobraziliense.com.br\/servidor\/wp-json\/wp\/v2\/posts\/384\/revisions"}],"wp:attachment":[{"href":"https:\/\/blogs.correiobraziliense.com.br\/servidor\/wp-json\/wp\/v2\/media?parent=384"}],"wp:term":[{"taxonomy":"category","embeddable":true,"href":"https:\/\/blogs.correiobraziliense.com.br\/servidor\/wp-json\/wp\/v2\/categories?post=384"},{"taxonomy":"post_tag","embeddable":true,"href":"https:\/\/blogs.correiobraziliense.com.br\/servidor\/wp-json\/wp\/v2\/tags?post=384"}],"curies":[{"name":"wp","href":"https:\/\/api.w.org\/{rel}","templated":true}]}}