{"id":382,"date":"2015-08-17T14:09:00","date_gmt":"2015-08-17T14:09:00","guid":{"rendered":"https:\/\/blogs.correiobraziliense.com.br\/servidor\/ato_nacional_no_dia_20_de_agosto\/"},"modified":"2015-08-17T14:09:00","modified_gmt":"2015-08-17T14:09:00","slug":"ato_nacional_no_dia_20_de_agosto","status":"publish","type":"post","link":"https:\/\/blogs.correiobraziliense.com.br\/servidor\/ato_nacional_no_dia_20_de_agosto\/","title":{"rendered":"ATO NACIONAL NO DIA 20 DE AGOSTO"},"content":{"rendered":"<p>Lideran\u00e7as dos movimentos sociais e  sindical, entre elas representantes da CUT, MTST e UNE, d\u00e3o uma  entrevista coletiva \u00e0 imprensa para  falar sobre as mobiliza\u00e7\u00f5es do dia 20, daqui a pouco. Pretendem tomar as ruas por direitos, liberdade e democracia. <\/p>\n<p>Entre  as presen\u00e7as confirmadas est\u00e3o Vagner Freitas, presidente da CUT;  Guilherme Boulos (Coordenador Nacional do MTST). Eles e os outros&nbsp; movimentos sociais  e sindical v\u00e3o falar sobre a organiza\u00e7\u00e3o do ato Mobiliza\u00e7\u00e3o \u201cContra a  Direita e o Ajuste fiscal&#8221;, que dever\u00e1 reunir milhares de pessoas em  todo o Brasil nesta quinta-feira (20). &nbsp; A coletiva ser\u00e1 na sede do Sindicato dos Jornalistas de S\u00e3o Paulo, na rua Rego Freitas. &nbsp; <b>Servi\u00e7o:<\/b><b> <\/b>Hor\u00e1rio: 14h00 Local: &nbsp;&nbsp;&nbsp;Audit\u00f3rio da sobreloja do Sindicato dos Jornalistas &nbsp;&nbsp;&nbsp;&nbsp;&nbsp;&nbsp;&nbsp;&nbsp;&nbsp;&nbsp;&nbsp;&nbsp;&nbsp;&nbsp;Rua Rego Freitas, n\u00ba 530<i>Bras\u00edlia, 14h07min<\/i>    <\/p>\n","protected":false},"excerpt":{"rendered":"<p>Lideran\u00e7as dos movimentos sociais e sindical, entre elas representantes da CUT, MTST e UNE, d\u00e3o uma entrevista coletiva \u00e0 imprensa para falar sobre as mobiliza\u00e7\u00f5es do dia 20, daqui a pouco. Pretendem tomar as ruas por direitos, liberdade e democracia. Entre as presen\u00e7as confirmadas est\u00e3o Vagner Freitas, presidente da CUT; Guilherme Boulos (Coordenador Nacional do MTST). Eles e os outros&nbsp; [&hellip;]<\/p>\n","protected":false},"author":27,"featured_media":0,"comment_status":"open","ping_status":"open","sticky":false,"template":"","format":"standard","meta":{"footnotes":""},"categories":[1],"tags":[],"class_list":["post-382","post","type-post","status-publish","format-standard","hentry","category-sem-categoria"],"_links":{"self":[{"href":"https:\/\/blogs.correiobraziliense.com.br\/servidor\/wp-json\/wp\/v2\/posts\/382","targetHints":{"allow":["GET"]}}],"collection":[{"href":"https:\/\/blogs.correiobraziliense.com.br\/servidor\/wp-json\/wp\/v2\/posts"}],"about":[{"href":"https:\/\/blogs.correiobraziliense.com.br\/servidor\/wp-json\/wp\/v2\/types\/post"}],"author":[{"embeddable":true,"href":"https:\/\/blogs.correiobraziliense.com.br\/servidor\/wp-json\/wp\/v2\/users\/27"}],"replies":[{"embeddable":true,"href":"https:\/\/blogs.correiobraziliense.com.br\/servidor\/wp-json\/wp\/v2\/comments?post=382"}],"version-history":[{"count":0,"href":"https:\/\/blogs.correiobraziliense.com.br\/servidor\/wp-json\/wp\/v2\/posts\/382\/revisions"}],"wp:attachment":[{"href":"https:\/\/blogs.correiobraziliense.com.br\/servidor\/wp-json\/wp\/v2\/media?parent=382"}],"wp:term":[{"taxonomy":"category","embeddable":true,"href":"https:\/\/blogs.correiobraziliense.com.br\/servidor\/wp-json\/wp\/v2\/categories?post=382"},{"taxonomy":"post_tag","embeddable":true,"href":"https:\/\/blogs.correiobraziliense.com.br\/servidor\/wp-json\/wp\/v2\/tags?post=382"}],"curies":[{"name":"wp","href":"https:\/\/api.w.org\/{rel}","templated":true}]}}