{"id":381,"date":"2015-08-17T14:05:00","date_gmt":"2015-08-17T14:05:00","guid":{"rendered":"https:\/\/blogs.correiobraziliense.com.br\/servidor\/demitidos_da_gm_fazem_manifestacao_antes_da_audiencia_no_trt\/"},"modified":"2015-08-17T14:05:00","modified_gmt":"2015-08-17T14:05:00","slug":"demitidos_da_gm_fazem_manifestacao_antes_da_audiencia_no_trt","status":"publish","type":"post","link":"https:\/\/blogs.correiobraziliense.com.br\/servidor\/demitidos_da_gm_fazem_manifestacao_antes_da_audiencia_no_trt\/","title":{"rendered":"DEMITIDOS DA GM FAZEM MANIFESTA\u00c7\u00c3O ANTES DA AUDI\u00caNCIA NO TRT"},"content":{"rendered":"<p><i>798 trabalhadores foram demitidos<\/i> <\/p>\n<p>Cerca de 100  demitidos da General Motors de S\u00e3o Jos\u00e9 dos Campos foram a Campinas,  junto com o Sindicato dos Metal\u00fargicos de S\u00e3o Jos\u00e9 dos Campos, para  acompanhar a audi\u00eancia de concilia\u00e7\u00e3o que acontece nesta segunda-feira,  dia 17, \u00e0s 13h30, no Tribunal Regional do Trabalho \u2013 15\u00aa Regi\u00e3o.&nbsp;Os  trabalhadores permanecer\u00e3o em frente ao TRT, at\u00e9 o in\u00edcio da audi\u00eancia,  com faixas e bandeiras, pedindo a anula\u00e7\u00e3o das demiss\u00f5es. H\u00e1 poucos  instantes, os demitidos fizeram uma passeata entre o Largo do Par\u00e1 e o  tribunal (Avenida Francisco Glic\u00e9rio). <\/p>\n<p>Esta  \u00e9 a primeira vez que GM e Sindicato se re\u00fanem, desde que a montadora  deu in\u00edcio \u00e0s demiss\u00f5es. Todos os trabalhadores que est\u00e3o na caravana  tamb\u00e9m ter\u00e3o acesso \u00e0 sala da audi\u00eancia.&nbsp;Na \u00faltima sexta-feira, a montadora confirmou que 798 trabalhadores haviam sido demitidos.<i> <\/p>\n<p><\/i><i>Bras\u00edlia, 14h04min<\/i>   <\/p>\n","protected":false},"excerpt":{"rendered":"<p>798 trabalhadores foram demitidos Cerca de 100 demitidos da General Motors de S\u00e3o Jos\u00e9 dos Campos foram a Campinas, junto com o Sindicato dos Metal\u00fargicos de S\u00e3o Jos\u00e9 dos Campos, para acompanhar a audi\u00eancia de concilia\u00e7\u00e3o que acontece nesta segunda-feira, dia 17, \u00e0s 13h30, no Tribunal Regional do Trabalho \u2013 15\u00aa Regi\u00e3o.&nbsp;Os trabalhadores permanecer\u00e3o em frente ao TRT, at\u00e9 o [&hellip;]<\/p>\n","protected":false},"author":27,"featured_media":0,"comment_status":"open","ping_status":"open","sticky":false,"template":"","format":"standard","meta":{"footnotes":""},"categories":[1],"tags":[],"class_list":["post-381","post","type-post","status-publish","format-standard","hentry","category-sem-categoria"],"_links":{"self":[{"href":"https:\/\/blogs.correiobraziliense.com.br\/servidor\/wp-json\/wp\/v2\/posts\/381","targetHints":{"allow":["GET"]}}],"collection":[{"href":"https:\/\/blogs.correiobraziliense.com.br\/servidor\/wp-json\/wp\/v2\/posts"}],"about":[{"href":"https:\/\/blogs.correiobraziliense.com.br\/servidor\/wp-json\/wp\/v2\/types\/post"}],"author":[{"embeddable":true,"href":"https:\/\/blogs.correiobraziliense.com.br\/servidor\/wp-json\/wp\/v2\/users\/27"}],"replies":[{"embeddable":true,"href":"https:\/\/blogs.correiobraziliense.com.br\/servidor\/wp-json\/wp\/v2\/comments?post=381"}],"version-history":[{"count":0,"href":"https:\/\/blogs.correiobraziliense.com.br\/servidor\/wp-json\/wp\/v2\/posts\/381\/revisions"}],"wp:attachment":[{"href":"https:\/\/blogs.correiobraziliense.com.br\/servidor\/wp-json\/wp\/v2\/media?parent=381"}],"wp:term":[{"taxonomy":"category","embeddable":true,"href":"https:\/\/blogs.correiobraziliense.com.br\/servidor\/wp-json\/wp\/v2\/categories?post=381"},{"taxonomy":"post_tag","embeddable":true,"href":"https:\/\/blogs.correiobraziliense.com.br\/servidor\/wp-json\/wp\/v2\/tags?post=381"}],"curies":[{"name":"wp","href":"https:\/\/api.w.org\/{rel}","templated":true}]}}