{"id":3805,"date":"2016-12-07T19:21:57","date_gmt":"2016-12-07T21:21:57","guid":{"rendered":"https:\/\/blogs.correiobraziliense.com.br\/servidor\/?p=3805"},"modified":"2016-12-07T19:21:57","modified_gmt":"2016-12-07T21:21:57","slug":"camara-abre-inscricoes-para-seminario-internacional-sobre-comunicacao-e-participacao-social","status":"publish","type":"post","link":"https:\/\/blogs.correiobraziliense.com.br\/servidor\/camara-abre-inscricoes-para-seminario-internacional-sobre-comunicacao-e-participacao-social\/","title":{"rendered":"C\u00e2mara abre inscri\u00e7\u00f5es para semin\u00e1rio internacional sobre comunica\u00e7\u00e3o e participa\u00e7\u00e3o social"},"content":{"rendered":"<p><i>Evento ser\u00e1 nos dias 14 e 15 de dezembro e ter\u00e1 como tema as iniciativas de integra\u00e7\u00e3o entre sociedade e \u00f3rg\u00e3os p\u00fablicos<\/i><b> <\/b><\/p>\n<p>Est\u00e3o abertas as inscri\u00e7\u00f5es para o semin\u00e1rio internacional \u201cComunica\u00e7\u00e3o e Participa\u00e7\u00e3o Social na Esfera P\u00fablica em Tempos de Cidad\u00e3o Digital\u201d, da Secretaria de Comunica\u00e7\u00e3o Social da C\u00e2mara dos Deputados. O evento \u00e9 direcionado a profissionais de comunica\u00e7\u00e3o e t\u00e9cnicos dos tr\u00eas poderes do Brasil e de outros pa\u00edses, especialistas no tema, deputados e senadores, al\u00e9m de profissionais de imprensa. O objetivo \u00e9 a troca de experi\u00eancias sobre iniciativas de comunica\u00e7\u00e3o e participa\u00e7\u00e3o popular que tornaram efetiva a integra\u00e7\u00e3o entre a sociedade e \u00f3rg\u00e3os da esfera p\u00fablica.<\/p>\n<p>O semin\u00e1rio ser\u00e1 nos dias 14 e 15 de dezembro, das 8 \u00e0s 18 horas, no audit\u00f3rio da TV C\u00e2mara \u2013 t\u00e9rreo do Edif\u00edcio Principal.<\/p>\n<p>A inscri\u00e7\u00e3o e a programa\u00e7\u00e3o do evento est\u00e3o dispon\u00edveis no\u00a0<a href=\"http:\/\/www.camara.leg.br\/eventos-divulgacao\/evento;jsessionid=58E0A1B83A06A5FF2A7494B64B974B74.prod1n1-secomp.camara.gov.br?id=32179\">Portal da C\u00e2mara dos Deputados<\/a>.<\/p>\n","protected":false},"excerpt":{"rendered":"<p>Evento ser\u00e1 nos dias 14 e 15 de dezembro e ter\u00e1 como tema as iniciativas de integra\u00e7\u00e3o entre sociedade e \u00f3rg\u00e3os p\u00fablicos Est\u00e3o abertas as inscri\u00e7\u00f5es para o semin\u00e1rio internacional \u201cComunica\u00e7\u00e3o e Participa\u00e7\u00e3o Social na Esfera P\u00fablica em Tempos de Cidad\u00e3o Digital\u201d, da Secretaria de Comunica\u00e7\u00e3o Social da C\u00e2mara dos Deputados. O evento \u00e9 direcionado a profissionais de comunica\u00e7\u00e3o e [&hellip;]<\/p>\n","protected":false},"author":27,"featured_media":0,"comment_status":"open","ping_status":"closed","sticky":false,"template":"","format":"standard","meta":{"footnotes":""},"categories":[2719],"tags":[61,559,781,1071,1890,1120,24,267,2103],"class_list":["post-3805","post","type-post","status-publish","format-standard","hentry","category-servidor","tag-camara","tag-comunicacao","tag-inscricoes","tag-internacional","tag-orgaos","tag-participacao","tag-publicos","tag-seminario","tag-social"],"_links":{"self":[{"href":"https:\/\/blogs.correiobraziliense.com.br\/servidor\/wp-json\/wp\/v2\/posts\/3805","targetHints":{"allow":["GET"]}}],"collection":[{"href":"https:\/\/blogs.correiobraziliense.com.br\/servidor\/wp-json\/wp\/v2\/posts"}],"about":[{"href":"https:\/\/blogs.correiobraziliense.com.br\/servidor\/wp-json\/wp\/v2\/types\/post"}],"author":[{"embeddable":true,"href":"https:\/\/blogs.correiobraziliense.com.br\/servidor\/wp-json\/wp\/v2\/users\/27"}],"replies":[{"embeddable":true,"href":"https:\/\/blogs.correiobraziliense.com.br\/servidor\/wp-json\/wp\/v2\/comments?post=3805"}],"version-history":[{"count":1,"href":"https:\/\/blogs.correiobraziliense.com.br\/servidor\/wp-json\/wp\/v2\/posts\/3805\/revisions"}],"predecessor-version":[{"id":3806,"href":"https:\/\/blogs.correiobraziliense.com.br\/servidor\/wp-json\/wp\/v2\/posts\/3805\/revisions\/3806"}],"wp:attachment":[{"href":"https:\/\/blogs.correiobraziliense.com.br\/servidor\/wp-json\/wp\/v2\/media?parent=3805"}],"wp:term":[{"taxonomy":"category","embeddable":true,"href":"https:\/\/blogs.correiobraziliense.com.br\/servidor\/wp-json\/wp\/v2\/categories?post=3805"},{"taxonomy":"post_tag","embeddable":true,"href":"https:\/\/blogs.correiobraziliense.com.br\/servidor\/wp-json\/wp\/v2\/tags?post=3805"}],"curies":[{"name":"wp","href":"https:\/\/api.w.org\/{rel}","templated":true}]}}