{"id":3803,"date":"2016-12-07T17:37:06","date_gmt":"2016-12-07T19:37:06","guid":{"rendered":"https:\/\/blogs.correiobraziliense.com.br\/servidor\/?p=3803"},"modified":"2016-12-07T17:37:06","modified_gmt":"2016-12-07T19:37:06","slug":"candidata-gravida-nao-pode-remarcar-teste-de-aptidao-fisica","status":"publish","type":"post","link":"https:\/\/blogs.correiobraziliense.com.br\/servidor\/candidata-gravida-nao-pode-remarcar-teste-de-aptidao-fisica\/","title":{"rendered":"Candidata gr\u00e1vida n\u00e3o pode remarcar teste de aptid\u00e3o f\u00edsica"},"content":{"rendered":"<p><em>A gravidez n\u00e3o \u00e9 circunst\u00e2ncia incapacitante, n\u00e3o podendo servir de justificativa para impedir a posse da candidata. Entretanto, essa condi\u00e7\u00e3o n\u00e3o d\u00e1 direito \u00e0 remarca\u00e7\u00e3o do teste de aptid\u00e3o f\u00edsica. <\/em><\/p>\n<p><em>Camila Magalh\u00e3es*<\/em><\/p>\n<p>O acesso aos cargos p\u00fablicos deve se dar por meio de concurso p\u00fablico, que \u00e9 instrumento para selecionar os candidatos mais aptos para o exerc\u00edcio da fun\u00e7\u00e3o p\u00fablica, e neste processo deve ser garantida a igualdade de acesso, sem distin\u00e7\u00f5es que n\u00e3o se justifiquem pela natureza do cargo p\u00fablico. Essa deve ser a premissa de qualquer concurso p\u00fablico. Assim, o simples fato de candidata estar gr\u00e1vida n\u00e3o pode ser justificativa para consider\u00e1-la inapta ao cargo e impedir seu prosseguimento no concurso p\u00fablico ou posse no cargo.<\/p>\n<p>A candidata, mesmo gr\u00e1vida, gozando de boa sa\u00fade f\u00edsica e ps\u00edquica, deve tomar posse no cargo p\u00fablico. A gravidez pode transitoriamente trazer restri\u00e7\u00f5es a determinadas atividades, mas por si s\u00f3 n\u00e3o significa incapacidade da candidata.<\/p>\n<p>Existem cargos p\u00fablicos, como as carreiras policiais, em que \u00e9 necess\u00e1rio avaliar a aptid\u00e3o f\u00edsica do candidato, exigindo-se nas provas bom condicionamento f\u00edsico e resist\u00eancia. Nessa situa\u00e7\u00e3o, n\u00e3o \u00e9 poss\u00edvel compatibilizar a intensidade dos exerc\u00edcios f\u00edsicos exigidos com a gravidez, portanto, em grande parte dos casos n\u00e3o \u00e9 recomend\u00e1vel que a candidata gr\u00e1vida participe dessa fase.<\/p>\n<p>Os candidatos e a administra\u00e7\u00e3o est\u00e3o vinculados \u00e0s regras do edital e numa interpreta\u00e7\u00e3o restritiva n\u00e3o seria poss\u00edvel o adiamento do teste f\u00edsico para a candidata gr\u00e1vida. Entretanto, a Constitui\u00e7\u00e3o prev\u00ea que homens e mulheres s\u00e3o iguais em direitos e obriga\u00e7\u00f5es. Ela tamb\u00e9m assegura prote\u00e7\u00e3o especial \u00e0 maternidade e, por fim, pro\u00edbe diferen\u00e7a de crit\u00e9rios de admiss\u00e3o por motivos de sexo, logo, \u00e9 leg\u00edtimo permitir que a candidata gr\u00e1vida realize a avalia\u00e7\u00e3o de capacita\u00e7\u00e3o f\u00edsica ap\u00f3s o parto.<\/p>\n<p>Os Tribunais do Pa\u00eds entendiam que nesses casos era poss\u00edvel, sim, adiar os testes f\u00edsicos para momento oportuno. Inclusive, o STF possu\u00eda precedentes nos quais decidiu que a remarca\u00e7\u00e3o do teste f\u00edsico para candidatos com a sa\u00fade transitoriamente comprometida n\u00e3o importava em viola\u00e7\u00e3o ao princ\u00edpio da isonomia.<\/p>\n<p>Infelizmente, esse entendimento foi modificado no RE 630.733, no qual n\u00e3o s\u00f3 se decidiu que n\u00e3o \u00e9 inconstitucional a regra que impossibilita a remarca\u00e7\u00e3o da prova, pois assim se d\u00e1 efic\u00e1cia aos princ\u00edpios da isonomia e impessoalidade, como, tamb\u00e9m, que inexiste direito constitucional \u00e0 remarca\u00e7\u00e3o de prova em raz\u00e3o de circunst\u00e2ncias pessoais do candidato.<\/p>\n<p>Diante desse entendimento, firmado em sede de repercuss\u00e3o geral, n\u00e3o \u00e9 poss\u00edvel conceder a remarca\u00e7\u00e3o do teste de aptid\u00e3o f\u00edsica \u00e0 candidata gr\u00e1vida. Isso evidentemente n\u00e3o impede que no edital se regule a possibilidade de adiamento do teste em determinadas circunst\u00e2ncias.<\/p>\n<p><em>*Camila Magalh\u00e3es, especialista em Direito do Servidor P\u00fablico, \u00e9 advogada no escrit\u00f3rio Cassel Ruzzarin Santos Rodrigues Advogados.<\/em><\/p>\n","protected":false},"excerpt":{"rendered":"<p>A gravidez n\u00e3o \u00e9 circunst\u00e2ncia incapacitante, n\u00e3o podendo servir de justificativa para impedir a posse da candidata. Entretanto, essa condi\u00e7\u00e3o n\u00e3o d\u00e1 direito \u00e0 remarca\u00e7\u00e3o do teste de aptid\u00e3o f\u00edsica. Camila Magalh\u00e3es* O acesso aos cargos p\u00fablicos deve se dar por meio de concurso p\u00fablico, que \u00e9 instrumento para selecionar os candidatos mais aptos para o exerc\u00edcio da fun\u00e7\u00e3o p\u00fablica, [&hellip;]<\/p>\n","protected":false},"author":27,"featured_media":0,"comment_status":"open","ping_status":"closed","sticky":false,"template":"","format":"standard","meta":{"footnotes":""},"categories":[2719],"tags":[26,4581,4575,93,27,4576,4579,1340,3686,4580,868,1157,4577,4578],"class_list":["post-3803","post","type-post","status-publish","format-standard","hentry","category-servidor","tag-aptidao","tag-aptos","tag-candidata","tag-concurso","tag-fisica","tag-gravida","tag-gravidez","tag-igualdade","tag-incapacitante","tag-justificativa","tag-posse","tag-processo","tag-remarcar","tag-teste"],"_links":{"self":[{"href":"https:\/\/blogs.correiobraziliense.com.br\/servidor\/wp-json\/wp\/v2\/posts\/3803","targetHints":{"allow":["GET"]}}],"collection":[{"href":"https:\/\/blogs.correiobraziliense.com.br\/servidor\/wp-json\/wp\/v2\/posts"}],"about":[{"href":"https:\/\/blogs.correiobraziliense.com.br\/servidor\/wp-json\/wp\/v2\/types\/post"}],"author":[{"embeddable":true,"href":"https:\/\/blogs.correiobraziliense.com.br\/servidor\/wp-json\/wp\/v2\/users\/27"}],"replies":[{"embeddable":true,"href":"https:\/\/blogs.correiobraziliense.com.br\/servidor\/wp-json\/wp\/v2\/comments?post=3803"}],"version-history":[{"count":1,"href":"https:\/\/blogs.correiobraziliense.com.br\/servidor\/wp-json\/wp\/v2\/posts\/3803\/revisions"}],"predecessor-version":[{"id":3804,"href":"https:\/\/blogs.correiobraziliense.com.br\/servidor\/wp-json\/wp\/v2\/posts\/3803\/revisions\/3804"}],"wp:attachment":[{"href":"https:\/\/blogs.correiobraziliense.com.br\/servidor\/wp-json\/wp\/v2\/media?parent=3803"}],"wp:term":[{"taxonomy":"category","embeddable":true,"href":"https:\/\/blogs.correiobraziliense.com.br\/servidor\/wp-json\/wp\/v2\/categories?post=3803"},{"taxonomy":"post_tag","embeddable":true,"href":"https:\/\/blogs.correiobraziliense.com.br\/servidor\/wp-json\/wp\/v2\/tags?post=3803"}],"curies":[{"name":"wp","href":"https:\/\/api.w.org\/{rel}","templated":true}]}}