{"id":3799,"date":"2016-12-07T16:47:52","date_gmt":"2016-12-07T18:47:52","guid":{"rendered":"https:\/\/blogs.correiobraziliense.com.br\/servidor\/?p=3799"},"modified":"2016-12-07T16:47:52","modified_gmt":"2016-12-07T18:47:52","slug":"cnj-nao-tera-expediente-nesta-quinta-8-em-comemoracao-ao-dia-da-justica","status":"publish","type":"post","link":"https:\/\/blogs.correiobraziliense.com.br\/servidor\/cnj-nao-tera-expediente-nesta-quinta-8-em-comemoracao-ao-dia-da-justica\/","title":{"rendered":"CNJ n\u00e3o ter\u00e1 expediente nesta quinta (8), em comemora\u00e7\u00e3o ao Dia da Justi\u00e7a"},"content":{"rendered":"<p>Em virtude do feriado do Dia da Justi\u00e7a, comemorado em 8 de dezembro, o Conselho Nacional de Justi\u00e7a (CNJ) n\u00e3o ter\u00e1 expediente nesta quinta-feira. Com isso, os prazos processuais que se iniciam ou se completam no dia 8\/12 ficam automaticamente prorrogados para o dia seguinte, sexta-feira (9\/12), conforme previsto na legisla\u00e7\u00e3o processual vigente.<\/p>\n<p>O feriado do Judici\u00e1rio foi criado pela lei 1.408\/51, e est\u00e1 previsto no artigo 62, inciso IV, da lei 5.010\/66. Em raz\u00e3o da data, os Tribunais de Justi\u00e7a estaduais tamb\u00e9m suspendem seus expedientes e, em alguns Estados, o feriado \u00e9 transferido para outro dia.<\/p>\n<p>O comunicado foi feito em portaria da Secretaria-Geral do CNJ, publicada nesta quarta-feira (07\/12) no Di\u00e1rio de Justi\u00e7a Eletr\u00f4nico.<\/p>\n","protected":false},"excerpt":{"rendered":"<p>Em virtude do feriado do Dia da Justi\u00e7a, comemorado em 8 de dezembro, o Conselho Nacional de Justi\u00e7a (CNJ) n\u00e3o ter\u00e1 expediente nesta quinta-feira. Com isso, os prazos processuais que se iniciam ou se completam no dia 8\/12 ficam automaticamente prorrogados para o dia seguinte, sexta-feira (9\/12), conforme previsto na legisla\u00e7\u00e3o processual vigente. O feriado do Judici\u00e1rio foi criado pela [&hellip;]<\/p>\n","protected":false},"author":27,"featured_media":0,"comment_status":"open","ping_status":"closed","sticky":false,"template":"","format":"standard","meta":{"footnotes":""},"categories":[2719],"tags":[254,4574,3185,819,3264],"class_list":["post-3799","post","type-post","status-publish","format-standard","hentry","category-servidor","tag-cnj","tag-dia-da-justica","tag-expediente","tag-prazos","tag-prorrogados"],"_links":{"self":[{"href":"https:\/\/blogs.correiobraziliense.com.br\/servidor\/wp-json\/wp\/v2\/posts\/3799","targetHints":{"allow":["GET"]}}],"collection":[{"href":"https:\/\/blogs.correiobraziliense.com.br\/servidor\/wp-json\/wp\/v2\/posts"}],"about":[{"href":"https:\/\/blogs.correiobraziliense.com.br\/servidor\/wp-json\/wp\/v2\/types\/post"}],"author":[{"embeddable":true,"href":"https:\/\/blogs.correiobraziliense.com.br\/servidor\/wp-json\/wp\/v2\/users\/27"}],"replies":[{"embeddable":true,"href":"https:\/\/blogs.correiobraziliense.com.br\/servidor\/wp-json\/wp\/v2\/comments?post=3799"}],"version-history":[{"count":1,"href":"https:\/\/blogs.correiobraziliense.com.br\/servidor\/wp-json\/wp\/v2\/posts\/3799\/revisions"}],"predecessor-version":[{"id":3800,"href":"https:\/\/blogs.correiobraziliense.com.br\/servidor\/wp-json\/wp\/v2\/posts\/3799\/revisions\/3800"}],"wp:attachment":[{"href":"https:\/\/blogs.correiobraziliense.com.br\/servidor\/wp-json\/wp\/v2\/media?parent=3799"}],"wp:term":[{"taxonomy":"category","embeddable":true,"href":"https:\/\/blogs.correiobraziliense.com.br\/servidor\/wp-json\/wp\/v2\/categories?post=3799"},{"taxonomy":"post_tag","embeddable":true,"href":"https:\/\/blogs.correiobraziliense.com.br\/servidor\/wp-json\/wp\/v2\/tags?post=3799"}],"curies":[{"name":"wp","href":"https:\/\/api.w.org\/{rel}","templated":true}]}}