{"id":3797,"date":"2016-12-07T16:45:29","date_gmt":"2016-12-07T18:45:29","guid":{"rendered":"https:\/\/blogs.correiobraziliense.com.br\/servidor\/?p=3797"},"modified":"2016-12-07T16:45:29","modified_gmt":"2016-12-07T18:45:29","slug":"alerta-sobre-atuacao-irregular-no-mercado","status":"publish","type":"post","link":"https:\/\/blogs.correiobraziliense.com.br\/servidor\/alerta-sobre-atuacao-irregular-no-mercado\/","title":{"rendered":"Alerta sobre atua\u00e7\u00e3o irregular no mercado"},"content":{"rendered":"<p>Identificada administra\u00e7\u00e3o de carteiras sem autoriza\u00e7\u00e3o da CVM<\/p>\n<p>A Comiss\u00e3o de Valores Mobili\u00e1rios (CVM) comunica aos participantes do mercado e ao p\u00fablico em geral que Phelippe Augusto Chrysostomo da Silva, Andre Luiz de Jesus Rosa e Chrysostomo da Silva &amp; Rosa Ltda. n\u00e3o est\u00e3o autorizados pela Autarquia a exercerem atividade de administra\u00e7\u00e3o de carteiras de valores mobili\u00e1rios, por n\u00e3o possu\u00edrem pr\u00e9via autoriza\u00e7\u00e3o da institui\u00e7\u00e3o.<u><\/u><u><\/u><\/p>\n<p>A CVM identificou que a empresa e seus s\u00f3cios, acima mencionados, v\u00eam oferecendo publicamente no pa\u00eds servi\u00e7os de administra\u00e7\u00e3o de carteiras de valores mobili\u00e1rios atrav\u00e9s do site<span class=\"m_-738868289712936567apple-converted-space\">\u00a0<\/span><a href=\"http:\/\/www.bbcap.com.br\/\" target=\"_blank\">http:\/\/www.bbcap.com.br<\/a>.<u><\/u><u><\/u><\/p>\n<p>Dessa forma, a Autarquia determina, por meio da<span class=\"m_-738868289712936567apple-converted-space\">\u00a0<\/span><strong><a href=\"http:\/\/www.cvm.gov.br\/legislacao\/deli\/deli758.html\" target=\"_blank\">Delibera\u00e7\u00e3o CVM 758<\/a><\/strong>, a imediata suspens\u00e3o da veicula\u00e7\u00e3o nacional de qualquer oferta desses servi\u00e7os.<u><\/u><u><\/u><\/p>\n<p>Caso a empresa e seus s\u00f3cios n\u00e3o cumpram esta determina\u00e7\u00e3o, ficar\u00e3o sujeitos \u00e0 aplica\u00e7\u00e3o de multa cominat\u00f3ria di\u00e1ria individual no valor de R$ 5.000,00, sem preju\u00edzo da responsabilidade pelas infra\u00e7\u00f5es j\u00e1 cometidas antes da publica\u00e7\u00e3o do referido Ato Declarat\u00f3rio, com a imposi\u00e7\u00e3o da penalidade cab\u00edvel, nos termos do art. 11 da Lei 6.385\/76.<u><\/u><u><\/u><\/p>\n<p><b>Lembre-se!<\/b><b><u><\/u><u><\/u><\/b><\/p>\n<p>Caso seja investidor ou receba proposta de investimento da empresa e dos s\u00f3cios mencionados, entre em contato com a CVM atrav\u00e9s do<span class=\"m_-738868289712936567apple-converted-space\">\u00a0<\/span><a href=\"http:\/\/www.cvm.gov.br\/menu\/atendimento\/sac.html\" target=\"_blank\">Servi\u00e7o de Atendimento ao Cidad\u00e3o<\/a>, preferencialmente fornecendo detalhes da oferta e a identifica\u00e7\u00e3o das pessoas envolvidas, a fim de que seja poss\u00edvel a pronta atua\u00e7\u00e3o da Autarquia no caso.<\/p>\n","protected":false},"excerpt":{"rendered":"<p>Identificada administra\u00e7\u00e3o de carteiras sem autoriza\u00e7\u00e3o da CVM A Comiss\u00e3o de Valores Mobili\u00e1rios (CVM) comunica aos participantes do mercado e ao p\u00fablico em geral que Phelippe Augusto Chrysostomo da Silva, Andre Luiz de Jesus Rosa e Chrysostomo da Silva &amp; Rosa Ltda. n\u00e3o est\u00e3o autorizados pela Autarquia a exercerem atividade de administra\u00e7\u00e3o de carteiras de valores mobili\u00e1rios, por n\u00e3o possu\u00edrem [&hellip;]<\/p>\n","protected":false},"author":27,"featured_media":0,"comment_status":"open","ping_status":"closed","sticky":false,"template":"","format":"standard","meta":{"footnotes":""},"categories":[2719],"tags":[138,1193,215,3273,489,216,1379,2423],"class_list":["post-3797","post","type-post","status-publish","format-standard","hentry","category-servidor","tag-alerta","tag-atuacao","tag-cvm","tag-irregular","tag-mercado","tag-oferta","tag-servicos","tag-suspensao"],"_links":{"self":[{"href":"https:\/\/blogs.correiobraziliense.com.br\/servidor\/wp-json\/wp\/v2\/posts\/3797","targetHints":{"allow":["GET"]}}],"collection":[{"href":"https:\/\/blogs.correiobraziliense.com.br\/servidor\/wp-json\/wp\/v2\/posts"}],"about":[{"href":"https:\/\/blogs.correiobraziliense.com.br\/servidor\/wp-json\/wp\/v2\/types\/post"}],"author":[{"embeddable":true,"href":"https:\/\/blogs.correiobraziliense.com.br\/servidor\/wp-json\/wp\/v2\/users\/27"}],"replies":[{"embeddable":true,"href":"https:\/\/blogs.correiobraziliense.com.br\/servidor\/wp-json\/wp\/v2\/comments?post=3797"}],"version-history":[{"count":1,"href":"https:\/\/blogs.correiobraziliense.com.br\/servidor\/wp-json\/wp\/v2\/posts\/3797\/revisions"}],"predecessor-version":[{"id":3798,"href":"https:\/\/blogs.correiobraziliense.com.br\/servidor\/wp-json\/wp\/v2\/posts\/3797\/revisions\/3798"}],"wp:attachment":[{"href":"https:\/\/blogs.correiobraziliense.com.br\/servidor\/wp-json\/wp\/v2\/media?parent=3797"}],"wp:term":[{"taxonomy":"category","embeddable":true,"href":"https:\/\/blogs.correiobraziliense.com.br\/servidor\/wp-json\/wp\/v2\/categories?post=3797"},{"taxonomy":"post_tag","embeddable":true,"href":"https:\/\/blogs.correiobraziliense.com.br\/servidor\/wp-json\/wp\/v2\/tags?post=3797"}],"curies":[{"name":"wp","href":"https:\/\/api.w.org\/{rel}","templated":true}]}}