{"id":3795,"date":"2016-12-07T16:41:39","date_gmt":"2016-12-07T18:41:39","guid":{"rendered":"https:\/\/blogs.correiobraziliense.com.br\/servidor\/?p=3795"},"modified":"2016-12-07T16:41:39","modified_gmt":"2016-12-07T18:41:39","slug":"o-ibge-precisa-de-democracia-e-transparencia","status":"publish","type":"post","link":"https:\/\/blogs.correiobraziliense.com.br\/servidor\/o-ibge-precisa-de-democracia-e-transparencia\/","title":{"rendered":"O IBGE precisa de democracia e transpar\u00eancia"},"content":{"rendered":"<p><em>Nota p\u00fablica da Associa\u00e7\u00e3o Nacional dos Servidores do IBGE (Assibge)<\/em><\/p>\n<p>&#8220;O Presidente do IBGE transformou o Confege\/Confest em Infoplan, investiu recursos p\u00fablicos e fez da cerim\u00f4nia de abertura um palanque pol\u00edtico. Foi concedida medalha para Michel Temer e teve ministro discursando em defesa das reformas do Estado brasileiro, que implicar\u00e3o numa redu\u00e7\u00e3o de recursos e atividades, que afetar\u00e1 n\u00e3o apenas os servidores, mas tamb\u00e9m toda a popula\u00e7\u00e3o. Tivemos a presen\u00e7a de deputado ficha suja (1), ao qual foi dada a miss\u00e3o de conduzir a tal Frente Parlamentar da GEMA no Congresso Nacional.<\/p>\n<p>At\u00e9 pedido de palmas para o IBGE, que hoje produz o dobro com menos 30% de pessoal em seu quadro efetivo (2), aconteceu. A ideia \u00e9 convencer quem participa do evento que a nova gest\u00e3o tem planos s\u00f3lidos, que abrir\u00e3o novos horizontes para o Instituto. O plano estrat\u00e9gico, segundo o Presidente, j\u00e1 est\u00e1 definido at\u00e9 2027, embora a maioria esmagadora dos servidores n\u00e3o conhe\u00e7a e n\u00e3o tenha sido chamada a opinar sobre ele.<\/p>\n<p>Paulo Rabello de Castro comporta-se como se o IBGE fosse uma de suas empresas. O Conselho Diretor toca o dia-a-dia, mas as metas e projetos s\u00e3o debatidos n\u00e3o se sabe onde e com quem, lan\u00e7adas por Rabello atrav\u00e9s de suas tiradas e frases de efeito publicadas na m\u00eddia.<\/p>\n<p>Desde que o atual Presidente chegou ao IBGE n\u00e3o h\u00e1 di\u00e1logo efetivo com os servidores, mas uma grande preocupa\u00e7\u00e3o de costurar mudan\u00e7as no IBGE com parlamentares e governantes, sem que se saiba ao certo o que se pretende. Se na gest\u00e3o passada o IBGE foi comparado a um botequim (a Presidente anterior dizia que o IBGE era uma cacha\u00e7a), recentemente virou pesque-e-pague (fonte de arrecada\u00e7\u00e3o), e agora um monast\u00e9rio, no qual os servidores agiriam como \u201cmonges\u201d ao lidar com as pesquisas, de acordo com Paulo Rabello de Castro (3). S\u00e3o formas de desqualificar o que o IBGE tem de melhor: o seu pr\u00f3prio corpo de servidores.<\/p>\n<p>Definitivamente n\u00e3o precisamos de marketing pessoal, entrega de medalhas e nem de palanque pol\u00edtico. Os ibgeanos querem participar das defini\u00e7\u00f5es sobre os planos de trabalho que v\u00e3o executar, debater propostas, ouvir a sociedade atrav\u00e9s de suas representa\u00e7\u00f5es democr\u00e1ticas e movimentos populares, para que o IBGE esteja em sintonia com as demandas da popula\u00e7\u00e3o.<\/p>\n<p>A credibilidade que constru\u00edmos ao longo de 80 anos de exist\u00eancia do IBGE \u00e9 fruto de trabalho, elabora\u00e7\u00e3o de planos e da dedica\u00e7\u00e3o de gera\u00e7\u00f5es de ibgeanos, comandados por figuras da estatura de Teixeira de Freitas. Necessitamos urgentemente de recursos e pessoal em n\u00famero suficiente para trabalhar. N\u00e3o ser\u00e1 com frases de efeito, siglas (como 5S ou PERI) e nem com a venda de produtos e pesquisas que o IBGE poder\u00e1 cumprir sua miss\u00e3o institucional de retratar o Brasil.<\/p>\n<p>A ASSIBGE-SN aponta a democracia, a transpar\u00eancia, um or\u00e7amento digno e pessoal em quantidade como sa\u00edda para a crise de precariza\u00e7\u00e3o a que chegou o IBGE. Debatemos e aprovamos em nossas inst\u00e2ncias democr\u00e1ticas e, por isso, defendemos:<\/p>\n<p>. Democratiza\u00e7\u00e3o do IBGE, com elei\u00e7\u00e3o direta e mandato fixo para Presidente, membros do Conselho Diretor e chefias regionais;<br \/>\n. Congresso institucional peri\u00f3dico, com a participa\u00e7\u00e3o da sociedade, suas entidades democr\u00e1ticas e movimentos populares, para tra\u00e7ar as metas do plano de trabalho e o or\u00e7amento do IBGE;<br \/>\n. Fim do trabalho tempor\u00e1rio nas pesquisas cont\u00ednuas e concursos p\u00fablicos para suprir milhares de vagas de n\u00edvel intermedi\u00e1rio e superior no IBGE;<br \/>\n. Restrutura\u00e7\u00e3o do Plano de Carreira;<br \/>\n. Autonomia t\u00e9cnica e transpar\u00eancia na gest\u00e3o do IBGE.<\/p>\n<p>(1) Carlos Melles \u00e9 deputado federal pelo DEM\/MG e est\u00e1 no seu sexto mandato. Tem tr\u00eas acusa\u00e7\u00f5es de uso indevido de recursos a favor de suas campanhas eleitorais e \u00e9 considerado parlamentar ficha suja pelo Movimento Ficha Limpa.<br \/>\n(2) Ao mesmo tempo em que perdeu 30% do pessoal de quadro efetivo nos \u00faltimos anos, o IBGE contratou milhares de tempor\u00e1rios para a realiza\u00e7\u00e3o de todo tipo de atividade, inclusive as pesquisas cont\u00ednuas.<br \/>\n(3) Entrevista concedida ao grupo Estado de S\u00e3o Paulo (6\/12\/2016), na qual PRC acusa os t\u00e9cnicos do IBGE de agirem como monges, ao n\u00e3o fazerem proje\u00e7\u00f5es diante dos n\u00fameros das pesquisas que divulgam.&#8221;<\/p>\n<p>&nbsp;<\/p>\n","protected":false},"excerpt":{"rendered":"<p>Nota p\u00fablica da Associa\u00e7\u00e3o Nacional dos Servidores do IBGE (Assibge) &#8220;O Presidente do IBGE transformou o Confege\/Confest em Infoplan, investiu recursos p\u00fablicos e fez da cerim\u00f4nia de abertura um palanque pol\u00edtico. Foi concedida medalha para Michel Temer e teve ministro discursando em defesa das reformas do Estado brasileiro, que implicar\u00e3o numa redu\u00e7\u00e3o de recursos e atividades, que afetar\u00e1 n\u00e3o apenas [&hellip;]<\/p>\n","protected":false},"author":27,"featured_media":0,"comment_status":"open","ping_status":"closed","sticky":false,"template":"","format":"standard","meta":{"footnotes":""},"categories":[2719],"tags":[4006,4572,2352,4053,2042,2221,4546,2474,4573,953,168],"class_list":["post-3795","post","type-post","status-publish","format-standard","hentry","category-servidor","tag-assibge","tag-confegeconfest","tag-credibilidade","tag-democracia","tag-ibge","tag-ibgeanos","tag-infoplan","tag-michel-temer","tag-paulo-rabello-de-castro","tag-planos","tag-transparencia"],"_links":{"self":[{"href":"https:\/\/blogs.correiobraziliense.com.br\/servidor\/wp-json\/wp\/v2\/posts\/3795","targetHints":{"allow":["GET"]}}],"collection":[{"href":"https:\/\/blogs.correiobraziliense.com.br\/servidor\/wp-json\/wp\/v2\/posts"}],"about":[{"href":"https:\/\/blogs.correiobraziliense.com.br\/servidor\/wp-json\/wp\/v2\/types\/post"}],"author":[{"embeddable":true,"href":"https:\/\/blogs.correiobraziliense.com.br\/servidor\/wp-json\/wp\/v2\/users\/27"}],"replies":[{"embeddable":true,"href":"https:\/\/blogs.correiobraziliense.com.br\/servidor\/wp-json\/wp\/v2\/comments?post=3795"}],"version-history":[{"count":1,"href":"https:\/\/blogs.correiobraziliense.com.br\/servidor\/wp-json\/wp\/v2\/posts\/3795\/revisions"}],"predecessor-version":[{"id":3796,"href":"https:\/\/blogs.correiobraziliense.com.br\/servidor\/wp-json\/wp\/v2\/posts\/3795\/revisions\/3796"}],"wp:attachment":[{"href":"https:\/\/blogs.correiobraziliense.com.br\/servidor\/wp-json\/wp\/v2\/media?parent=3795"}],"wp:term":[{"taxonomy":"category","embeddable":true,"href":"https:\/\/blogs.correiobraziliense.com.br\/servidor\/wp-json\/wp\/v2\/categories?post=3795"},{"taxonomy":"post_tag","embeddable":true,"href":"https:\/\/blogs.correiobraziliense.com.br\/servidor\/wp-json\/wp\/v2\/tags?post=3795"}],"curies":[{"name":"wp","href":"https:\/\/api.w.org\/{rel}","templated":true}]}}