{"id":3791,"date":"2016-12-07T12:01:29","date_gmt":"2016-12-07T14:01:29","guid":{"rendered":"https:\/\/blogs.correiobraziliense.com.br\/servidor\/?p=3791"},"modified":"2016-12-07T12:01:29","modified_gmt":"2016-12-07T14:01:29","slug":"ministros-do-tcu-elegem-o-novo-presidente-do-tribunal-nesta-quarta-feira","status":"publish","type":"post","link":"https:\/\/blogs.correiobraziliense.com.br\/servidor\/ministros-do-tcu-elegem-o-novo-presidente-do-tribunal-nesta-quarta-feira\/","title":{"rendered":"Ministros do TCU elegem o novo presidente do tribunal nesta quarta-feira"},"content":{"rendered":"<p>Os ministros do Tribunal de Contas da Uni\u00e3o (TCU) elegem, nesta quarta-feira, (7), \u00e0s 14h30, na \u00faltima sess\u00e3o ordin\u00e1ria do ano, os novos presidente e vice-presidente da Casa. De acordo com o regimento interno do tribunal, o mandato de presidente \u00e9 de um ano, podendo chegar h\u00e1 dois anos, caso haja recondu\u00e7\u00e3o.<\/p>\n","protected":false},"excerpt":{"rendered":"<p>Os ministros do Tribunal de Contas da Uni\u00e3o (TCU) elegem, nesta quarta-feira, (7), \u00e0s 14h30, na \u00faltima sess\u00e3o ordin\u00e1ria do ano, os novos presidente e vice-presidente da Casa. De acordo com o regimento interno do tribunal, o mandato de presidente \u00e9 de um ano, podendo chegar h\u00e1 dois anos, caso haja recondu\u00e7\u00e3o.<\/p>\n","protected":false},"author":27,"featured_media":0,"comment_status":"open","ping_status":"closed","sticky":false,"template":"","format":"standard","meta":{"footnotes":""},"categories":[2719],"tags":[4564,33,81,635],"class_list":["post-3791","post","type-post","status-publish","format-standard","hentry","category-servidor","tag-elegem","tag-ministros","tag-presidente","tag-tcu"],"_links":{"self":[{"href":"https:\/\/blogs.correiobraziliense.com.br\/servidor\/wp-json\/wp\/v2\/posts\/3791","targetHints":{"allow":["GET"]}}],"collection":[{"href":"https:\/\/blogs.correiobraziliense.com.br\/servidor\/wp-json\/wp\/v2\/posts"}],"about":[{"href":"https:\/\/blogs.correiobraziliense.com.br\/servidor\/wp-json\/wp\/v2\/types\/post"}],"author":[{"embeddable":true,"href":"https:\/\/blogs.correiobraziliense.com.br\/servidor\/wp-json\/wp\/v2\/users\/27"}],"replies":[{"embeddable":true,"href":"https:\/\/blogs.correiobraziliense.com.br\/servidor\/wp-json\/wp\/v2\/comments?post=3791"}],"version-history":[{"count":1,"href":"https:\/\/blogs.correiobraziliense.com.br\/servidor\/wp-json\/wp\/v2\/posts\/3791\/revisions"}],"predecessor-version":[{"id":3792,"href":"https:\/\/blogs.correiobraziliense.com.br\/servidor\/wp-json\/wp\/v2\/posts\/3791\/revisions\/3792"}],"wp:attachment":[{"href":"https:\/\/blogs.correiobraziliense.com.br\/servidor\/wp-json\/wp\/v2\/media?parent=3791"}],"wp:term":[{"taxonomy":"category","embeddable":true,"href":"https:\/\/blogs.correiobraziliense.com.br\/servidor\/wp-json\/wp\/v2\/categories?post=3791"},{"taxonomy":"post_tag","embeddable":true,"href":"https:\/\/blogs.correiobraziliense.com.br\/servidor\/wp-json\/wp\/v2\/tags?post=3791"}],"curies":[{"name":"wp","href":"https:\/\/api.w.org\/{rel}","templated":true}]}}