{"id":379,"date":"2015-08-14T18:06:00","date_gmt":"2015-08-14T18:06:00","guid":{"rendered":"https:\/\/blogs.correiobraziliense.com.br\/servidor\/policiais_federais_discutem_melhorias_na_seguranca_publica\/"},"modified":"2015-08-14T18:06:00","modified_gmt":"2015-08-14T18:06:00","slug":"policiais_federais_discutem_melhorias_na_seguranca_publica","status":"publish","type":"post","link":"https:\/\/blogs.correiobraziliense.com.br\/servidor\/policiais_federais_discutem_melhorias_na_seguranca_publica\/","title":{"rendered":"POLICIAIS FEDERAIS DISCUTEM MELHORIAS NA SEGURAN\u00c7A P\u00daBLICA"},"content":{"rendered":"<p><strong>Cerca  de 300 agentes federais se re\u00fanem no Rio de Janeiro, entre os dias 17 e 19 de  agosto, com o objetivo de propor melhorias para a seguran\u00e7a p\u00fablica brasileira.  As discuss\u00f5es acontecer\u00e3o durante o XVI Congresso Nacional  dos Policiais Federais (Conapef).<\/strong> <strong> <\/p>\n<p><\/strong><strong>O  evento ter\u00e1 a presen\u00e7a do secret\u00e1rio de seguran\u00e7a p\u00fablica do Rio de  Janeiro, Jos\u00e9 Mariano Beltrame, e do deputado federal, Alu\u00edsio Mendes (PSDC\/MA),  na abordagem sobre a necessidade de moderniza\u00e7\u00e3o e independ\u00eancia operacional da  Pol\u00edcia Federal. Al\u00e9m disso, o especialista em seguran\u00e7a p\u00fablica, Luiz Eduardo  Soares, dar\u00e1 uma palestra sobre a reestrutura\u00e7\u00e3o do modelo adotado no pa\u00eds e os  novos paradigmas. <\/strong> <strong> <\/p>\n<p><\/strong><strong>Durante  o Congresso, os policiais discutir\u00e3o tamb\u00e9m a moderniza\u00e7\u00e3o do modelo sindical. O  economista Luiz Gonzaga Belluzzo apontar\u00e1 temas importantes dentro da gest\u00e3o  sindical.<\/strong> <strong> <\/p>\n<p><\/strong><strong>O  presidente da Federa\u00e7\u00e3o Nacional dos Policiais Federais(Fenapef), Jones Leal, enfatiza  que as estruturas da Pol\u00edcia Federal e da seguran\u00e7a p\u00fablica precisam ser  reformuladas. \u201cN\u00e3o podemos continuar com esses \u00edndices t\u00e3o baixos na solu\u00e7\u00e3o  de crimes. O nosso objetivo, ao realizar o Conapef, \u00e9 propor, juntamente com o  governo federal, mudan\u00e7as que beneficiem a sociedade brasileira, garantindo o direito fundamental \u00e0 seguran\u00e7a de qualidade\u201d. <\/strong> <strong> <\/p>\n<p><\/strong><strong>A  estrutura do XVI Conapef colocar\u00e1 \u00e0 disposi\u00e7\u00e3o dos congressistas pain\u00e9is e oficinas  para relat\u00f3rios que dar\u00e3o subs\u00eddios a um documento final,  submetido posteriormente \u00e0 discuss\u00e3o e delibera\u00e7\u00e3o pela plen\u00e1ria do  Congresso.<\/strong> &nbsp; <strong>Servi\u00e7o XVI Congresso Nacional dos  Policiais Federais &#8211; Conapef<\/strong><strong>Local:  Hotel Windsor Fl\u00f3rida, Rua Ferreira Viana, 81 \u2013 Flamengo \u2013 Rio de  Janeiro<\/strong> <strong>Credenciamento: 17\/08 \u00e0s 12h, no Hotel  <\/p>\n<p><\/strong> <\/p>\n<p><strong><\/strong><strong><i>Bras\u00edlia, 18h06min<\/i> <\/p>\n<p><\/strong>   <\/p>\n","protected":false},"excerpt":{"rendered":"<p>Cerca de 300 agentes federais se re\u00fanem no Rio de Janeiro, entre os dias 17 e 19 de agosto, com o objetivo de propor melhorias para a seguran\u00e7a p\u00fablica brasileira. As discuss\u00f5es acontecer\u00e3o durante o XVI Congresso Nacional dos Policiais Federais (Conapef). O evento ter\u00e1 a presen\u00e7a do secret\u00e1rio de seguran\u00e7a p\u00fablica do Rio de Janeiro, Jos\u00e9 Mariano Beltrame, e [&hellip;]<\/p>\n","protected":false},"author":27,"featured_media":0,"comment_status":"open","ping_status":"open","sticky":false,"template":"","format":"standard","meta":{"footnotes":""},"categories":[1],"tags":[],"class_list":["post-379","post","type-post","status-publish","format-standard","hentry","category-sem-categoria"],"_links":{"self":[{"href":"https:\/\/blogs.correiobraziliense.com.br\/servidor\/wp-json\/wp\/v2\/posts\/379","targetHints":{"allow":["GET"]}}],"collection":[{"href":"https:\/\/blogs.correiobraziliense.com.br\/servidor\/wp-json\/wp\/v2\/posts"}],"about":[{"href":"https:\/\/blogs.correiobraziliense.com.br\/servidor\/wp-json\/wp\/v2\/types\/post"}],"author":[{"embeddable":true,"href":"https:\/\/blogs.correiobraziliense.com.br\/servidor\/wp-json\/wp\/v2\/users\/27"}],"replies":[{"embeddable":true,"href":"https:\/\/blogs.correiobraziliense.com.br\/servidor\/wp-json\/wp\/v2\/comments?post=379"}],"version-history":[{"count":0,"href":"https:\/\/blogs.correiobraziliense.com.br\/servidor\/wp-json\/wp\/v2\/posts\/379\/revisions"}],"wp:attachment":[{"href":"https:\/\/blogs.correiobraziliense.com.br\/servidor\/wp-json\/wp\/v2\/media?parent=379"}],"wp:term":[{"taxonomy":"category","embeddable":true,"href":"https:\/\/blogs.correiobraziliense.com.br\/servidor\/wp-json\/wp\/v2\/categories?post=379"},{"taxonomy":"post_tag","embeddable":true,"href":"https:\/\/blogs.correiobraziliense.com.br\/servidor\/wp-json\/wp\/v2\/tags?post=379"}],"curies":[{"name":"wp","href":"https:\/\/api.w.org\/{rel}","templated":true}]}}