{"id":3785,"date":"2016-12-07T11:18:57","date_gmt":"2016-12-07T13:18:57","guid":{"rendered":"https:\/\/blogs.correiobraziliense.com.br\/servidor\/?p=3785"},"modified":"2016-12-07T11:18:57","modified_gmt":"2016-12-07T13:18:57","slug":"setor-aereo-comunica-justica-do-trabalho-que-nao-fara-greve-no-final-do-ano","status":"publish","type":"post","link":"https:\/\/blogs.correiobraziliense.com.br\/servidor\/setor-aereo-comunica-justica-do-trabalho-que-nao-fara-greve-no-final-do-ano\/","title":{"rendered":"Setor a\u00e9reo comunica Justi\u00e7a do Trabalho que n\u00e3o far\u00e1 greve no final do ano"},"content":{"rendered":"<p>A Justi\u00e7a do Trabalho acompanhou um acordo que garantir\u00e1 o pleno funcionamento dos aeroportos neste final de ano. Os representantes dos trabalhadores aerovi\u00e1rios e aeronautas e o Sindicato Nacional das Empresas Aerovi\u00e1rias (SNEA) v\u00e3o se reunir hoje (7), com o vice-presidente do TST e CSJT, Emmanoel Pereira, para formalizar o compromisso de que assinar\u00e3o a Conven\u00e7\u00e3o Coletiva 2016\/2016 e que n\u00e3o haver\u00e1 greve no setor.<\/p>\n<p>O consenso se deu ap\u00f3s a \u00faltima rodada de negocia\u00e7\u00e3o entre as partes, no dia 30 de novembro, para a renova\u00e7\u00e3o da CCT da avia\u00e7\u00e3o regular para 2016\/2017. A proposta seguiu para delibera\u00e7\u00e3o dos profissionais e foi aprovada em assembleia das duas categorias.<\/p>\n<p>\u201cForam meses de negocia\u00e7\u00e3o, mas o importante \u00e9 que as partes sa\u00edram satisfeitas no processo por meio da concilia\u00e7\u00e3o. Al\u00e9m disso, a pacifica\u00e7\u00e3o nas rela\u00e7\u00f5es de trabalho de forma geral, e principalmente neste caso, beneficia a sociedade como um todo que n\u00e3o ser\u00e1 prejudicada com greves no setor\u201d, destacou o ministro Emmanoel, coordenador da Comiss\u00e3o Nacional de Promo\u00e7\u00e3o \u00e0 Concilia\u00e7\u00e3o da Justi\u00e7a do Trabalho.<\/p>\n<p>O acordo prev\u00ea reposi\u00e7\u00e3o integral da infla\u00e7\u00e3o pelo INPC em todas as cl\u00e1usulas econ\u00f4micas, com exce\u00e7\u00e3o \u00e0s di\u00e1rias internacionais e a manuten\u00e7\u00e3o de todas as cl\u00e1usulas sociais j\u00e1 existentes. As partes tamb\u00e9m negociaram a defini\u00e7\u00e3o de um calend\u00e1rio de reuni\u00f5es para 2017 para discutir cl\u00e1usulas que demandam mais tempo de negocia\u00e7\u00e3o.<\/p>\n","protected":false},"excerpt":{"rendered":"<p>A Justi\u00e7a do Trabalho acompanhou um acordo que garantir\u00e1 o pleno funcionamento dos aeroportos neste final de ano. Os representantes dos trabalhadores aerovi\u00e1rios e aeronautas e o Sindicato Nacional das Empresas Aerovi\u00e1rias (SNEA) v\u00e3o se reunir hoje (7), com o vice-presidente do TST e CSJT, Emmanoel Pereira, para formalizar o compromisso de que assinar\u00e3o a Conven\u00e7\u00e3o Coletiva 2016\/2016 e que [&hellip;]<\/p>\n","protected":false},"author":27,"featured_media":0,"comment_status":"open","ping_status":"closed","sticky":false,"template":"","format":"standard","meta":{"footnotes":""},"categories":[2719],"tags":[3101,387,603,388,639,4394,942,15,697,570],"class_list":["post-3785","post","type-post","status-publish","format-standard","hentry","category-servidor","tag-aereo","tag-aeronautas","tag-aeroportos","tag-aeroviarios","tag-ano","tag-final","tag-funcionamento","tag-greve","tag-justica-do-trabalho","tag-setor"],"_links":{"self":[{"href":"https:\/\/blogs.correiobraziliense.com.br\/servidor\/wp-json\/wp\/v2\/posts\/3785","targetHints":{"allow":["GET"]}}],"collection":[{"href":"https:\/\/blogs.correiobraziliense.com.br\/servidor\/wp-json\/wp\/v2\/posts"}],"about":[{"href":"https:\/\/blogs.correiobraziliense.com.br\/servidor\/wp-json\/wp\/v2\/types\/post"}],"author":[{"embeddable":true,"href":"https:\/\/blogs.correiobraziliense.com.br\/servidor\/wp-json\/wp\/v2\/users\/27"}],"replies":[{"embeddable":true,"href":"https:\/\/blogs.correiobraziliense.com.br\/servidor\/wp-json\/wp\/v2\/comments?post=3785"}],"version-history":[{"count":1,"href":"https:\/\/blogs.correiobraziliense.com.br\/servidor\/wp-json\/wp\/v2\/posts\/3785\/revisions"}],"predecessor-version":[{"id":3786,"href":"https:\/\/blogs.correiobraziliense.com.br\/servidor\/wp-json\/wp\/v2\/posts\/3785\/revisions\/3786"}],"wp:attachment":[{"href":"https:\/\/blogs.correiobraziliense.com.br\/servidor\/wp-json\/wp\/v2\/media?parent=3785"}],"wp:term":[{"taxonomy":"category","embeddable":true,"href":"https:\/\/blogs.correiobraziliense.com.br\/servidor\/wp-json\/wp\/v2\/categories?post=3785"},{"taxonomy":"post_tag","embeddable":true,"href":"https:\/\/blogs.correiobraziliense.com.br\/servidor\/wp-json\/wp\/v2\/tags?post=3785"}],"curies":[{"name":"wp","href":"https:\/\/api.w.org\/{rel}","templated":true}]}}