{"id":3783,"date":"2016-12-07T11:11:58","date_gmt":"2016-12-07T13:11:58","guid":{"rendered":"https:\/\/blogs.correiobraziliense.com.br\/servidor\/?p=3783"},"modified":"2016-12-07T11:11:58","modified_gmt":"2016-12-07T13:11:58","slug":"enap-seminario-internacional-sobre-os-desafios-da-profissionalizacao-do-servico-publico","status":"publish","type":"post","link":"https:\/\/blogs.correiobraziliense.com.br\/servidor\/enap-seminario-internacional-sobre-os-desafios-da-profissionalizacao-do-servico-publico\/","title":{"rendered":"Enap &#8211; semin\u00e1rio internacional sobre os desafios da profissionaliza\u00e7\u00e3o do servi\u00e7o p\u00fablico"},"content":{"rendered":"<p>A Escola Nacional de Administra\u00e7\u00e3o P\u00fablica (Enap) e o Banco de Desenvolvimento da Am\u00e9rica Latina (CAF) realizar\u00e3o, no dia 12 de dezembro, o <em>Semin\u00e1rio Internacional Os desafios da profissionaliza\u00e7\u00e3o do servi\u00e7o p\u00fablico<\/em>.<\/p>\n<p>A atividade tem como objetivo refletir sobre as boas pr\u00e1ticas internacionais para o recrutamento e sele\u00e7\u00e3o dos titulares de cargos de dire\u00e7\u00e3o superior na Administra\u00e7\u00e3o e os desafios para a profissionaliza\u00e7\u00e3o e moderniza\u00e7\u00e3o do servi\u00e7o p\u00fablico no Brasil.<\/p>\n<p>O semin\u00e1rio contar\u00e1 com a presen\u00e7a dos seguintes palestrantes: Barbara Nunberg, mestre em <em>Latin American Studies<\/em> e em <em>Political Science<\/em>, e Ph.D. em <em>Political Science<\/em> pela <em>Stanford University<\/em>; Jo\u00e3o Bilhim, professor catedr\u00e1tico da Universidade T\u00e9cnica de Lisboa; Valeria Espinoza, chefe da equipe de alta dire\u00e7\u00e3o p\u00fablica na <em>Direcci\u00f3n Nacional del Servicio Civil<\/em> do Chile; Regina Pacheco, ex-presidente da Enap e professora da Funda\u00e7\u00e3o Get\u00falio Vargas (FGV); Cristina Mendes, analista de pol\u00edticas da divis\u00e3o do setor p\u00fablico na Organiza\u00e7\u00e3o para a Coopera\u00e7\u00e3o e o Desenvolvimento Econ\u00f4mico (OCDE); Conrado Ramos, professor do Instituto de Ci\u00eancia Pol\u00edtica da Faculdade de Ci\u00eancias Sociais da Universidade da Rep\u00fablica do Uruguai; Tadeu Barreto, consultor de planejamento e programa no Banco de Desenvolvimento de Minas Gerais (BDMG) e professor no Centro de Lideran\u00e7as P\u00fablica (CLP); Manon Dufour, diretora-adjunta de Servi\u00e7os da Enap Quebec; e Marina Can\u00e7ado, diretora-executiva da associa\u00e7\u00e3o Agenda Brasil do Futuro e conselheira do Conselho de Desenvolvimento Econ\u00f4mico e Social da Presid\u00eancia da Rep\u00fablica.<\/p>\n<p><u><a href=\"http:\/\/www.enap.gov.br\/documents\/730933\/0\/Programa%C3%A7%C3%A3o0512.pdf\/52022c08-aa7a-43b2-8199-03676debb826\">Confira a programa\u00e7\u00e3o<\/a><\/u>.<\/p>\n<p><strong>Servi\u00e7o:<\/strong><\/p>\n<p><em>Semin\u00e1rio Internacional Os desafios da profissionaliza\u00e7\u00e3o do servi\u00e7o p\u00fablico<\/em><\/p>\n<p>Quando: 12 de dezembro de 2016<\/p>\n<p>Onde: Enap (SAIS \u00c1rea 2A \u2013 Bras\u00edlia-DF)<\/p>\n<p>Hor\u00e1rio: 9h \u00e0s 18h<\/p>\n<p>Inscri\u00e7\u00f5es pelo e-mail: <a href=\"mailto:dialogos.internacionais@enap.gov.br\"> dialogos.internacionais@enap.gov.br<\/a>. Vagas limitadas<\/p>\n","protected":false},"excerpt":{"rendered":"<p>A Escola Nacional de Administra\u00e7\u00e3o P\u00fablica (Enap) e o Banco de Desenvolvimento da Am\u00e9rica Latina (CAF) realizar\u00e3o, no dia 12 de dezembro, o Semin\u00e1rio Internacional Os desafios da profissionaliza\u00e7\u00e3o do servi\u00e7o p\u00fablico. A atividade tem como objetivo refletir sobre as boas pr\u00e1ticas internacionais para o recrutamento e sele\u00e7\u00e3o dos titulares de cargos de dire\u00e7\u00e3o superior na Administra\u00e7\u00e3o e os desafios [&hellip;]<\/p>\n","protected":false},"author":27,"featured_media":0,"comment_status":"open","ping_status":"closed","sticky":false,"template":"","format":"standard","meta":{"footnotes":""},"categories":[2719],"tags":[1845,308,1071,4559,241,267,212],"class_list":["post-3783","post","type-post","status-publish","format-standard","hentry","category-servidor","tag-desafios","tag-enap","tag-internacional","tag-profissionalizacao","tag-publico","tag-seminario","tag-servico"],"_links":{"self":[{"href":"https:\/\/blogs.correiobraziliense.com.br\/servidor\/wp-json\/wp\/v2\/posts\/3783","targetHints":{"allow":["GET"]}}],"collection":[{"href":"https:\/\/blogs.correiobraziliense.com.br\/servidor\/wp-json\/wp\/v2\/posts"}],"about":[{"href":"https:\/\/blogs.correiobraziliense.com.br\/servidor\/wp-json\/wp\/v2\/types\/post"}],"author":[{"embeddable":true,"href":"https:\/\/blogs.correiobraziliense.com.br\/servidor\/wp-json\/wp\/v2\/users\/27"}],"replies":[{"embeddable":true,"href":"https:\/\/blogs.correiobraziliense.com.br\/servidor\/wp-json\/wp\/v2\/comments?post=3783"}],"version-history":[{"count":1,"href":"https:\/\/blogs.correiobraziliense.com.br\/servidor\/wp-json\/wp\/v2\/posts\/3783\/revisions"}],"predecessor-version":[{"id":3784,"href":"https:\/\/blogs.correiobraziliense.com.br\/servidor\/wp-json\/wp\/v2\/posts\/3783\/revisions\/3784"}],"wp:attachment":[{"href":"https:\/\/blogs.correiobraziliense.com.br\/servidor\/wp-json\/wp\/v2\/media?parent=3783"}],"wp:term":[{"taxonomy":"category","embeddable":true,"href":"https:\/\/blogs.correiobraziliense.com.br\/servidor\/wp-json\/wp\/v2\/categories?post=3783"},{"taxonomy":"post_tag","embeddable":true,"href":"https:\/\/blogs.correiobraziliense.com.br\/servidor\/wp-json\/wp\/v2\/tags?post=3783"}],"curies":[{"name":"wp","href":"https:\/\/api.w.org\/{rel}","templated":true}]}}