{"id":3760,"date":"2016-12-01T19:17:38","date_gmt":"2016-12-01T21:17:38","guid":{"rendered":"https:\/\/blogs.correiobraziliense.com.br\/servidor\/?p=3760"},"modified":"2016-12-01T19:43:17","modified_gmt":"2016-12-01T21:43:17","slug":"ultimos-dias-para-participar-da-semana-de-eventos-de-educacao-financeira","status":"publish","type":"post","link":"https:\/\/blogs.correiobraziliense.com.br\/servidor\/ultimos-dias-para-participar-da-semana-de-eventos-de-educacao-financeira\/","title":{"rendered":"CVM &#8211; \u00daltimos dias para participar da semana de eventos de educa\u00e7\u00e3o financeira"},"content":{"rendered":"<p><em>\u00a0Os 40 anos da Comiss\u00e3o de Valores Mobili\u00e1rios (CVM) ser\u00e3o comemorados em\u00a0semana especial de eventos relacionados \u00e0 educa\u00e7\u00e3o financeira entre os dias 5 e 9 de dezembro no Rio de Janeiro. As\u00a0inscri\u00e7\u00f5es se encerrar\u00e3o nesta sexta-feira (2\/12), \u00e0s 12 horas.<\/em><\/p>\n<p>Jornalistas, educadores e planejadores financeiros ser\u00e3o alguns dos palestrantes. No\u00a0dia 7, data em que se comemora o anivers\u00e1rio da autarquia, ser\u00e1 lan\u00e7ado\u00a0livro sobre os 40 anos da institui\u00e7\u00e3o. Confira a programa\u00e7\u00e3o completa das atividades:<\/p>\n<ul>\n<li><strong>5\/12: Fintech Day<\/strong>. Pain\u00e9is que apresentar\u00e3o uma vis\u00e3o geral sobre o tema e a aplica\u00e7\u00e3o de DLT (Distributed Ledger Technology) nos mercados de capitais, seguidos de debate sobre o potencial impacto das novas tecnologias financeiras e apresenta\u00e7\u00e3o de estudos de caso.<\/li>\n<\/ul>\n<ul>\n<li><strong>6\/12: Semin\u00e1rios de Pesquisas em Educa\u00e7\u00e3o Financeira e Comportamento.<\/strong><strong>\u00a0<\/strong>Sess\u00f5es de reflex\u00f5es em profundidade sobre aplica\u00e7\u00f5es de insights comportamentais em pol\u00edticas p\u00fablicas, al\u00e9m de interven\u00e7\u00f5es de educa\u00e7\u00e3o financeira.<\/li>\n<\/ul>\n<ul>\n<li><strong>7\/12 (manh\u00e3): 40\u00ba Anivers\u00e1rio da CVM<\/strong>. Evento que reunir\u00e1 reguladores de mercado de capitais e ex-presidentes da CVM. Lan\u00e7amento de livro sobre os 40 anos da CVM.<\/li>\n<\/ul>\n<ul>\n<li><strong>7\/12 (tarde) e 8\/12: Confer\u00eancia de Ci\u00eancias Comportamentais e Educa\u00e7\u00e3o do Investidor.<\/strong>\u00a0Aplicando insights comportamentais a pol\u00edticas p\u00fablicas e t\u00f3picos em psicologia econ\u00f4mica. No\u00a0<strong>dia 8<\/strong>, ser\u00e3o apresentadas experi\u00eancias de educa\u00e7\u00e3o de investidores em v\u00e1rios pa\u00edses, estudos sobre envelhecimento e vulnerabilidade financeira, adequa\u00e7\u00e3o de produtos e servi\u00e7os financeiros ao perfil do investidor, antropologia das finan\u00e7as e apresenta\u00e7\u00e3o de estudo sobre o grau de capacidade financeira da popula\u00e7\u00e3o dos EUA.<\/li>\n<\/ul>\n<ul>\n<li><strong>9\/12: Semin\u00e1rio Regional sobre Novas Tend\u00eancias em Educa\u00e7\u00e3o Financeira<\/strong>. Lan\u00e7amento do Centro CVM-OCDE de Educa\u00e7\u00e3o Financeira para a Am\u00e9rica Latina e o Caribe.<\/li>\n<\/ul>\n<p>O evento trar\u00e1 as experi\u00eancias de educa\u00e7\u00e3o financeira em pa\u00edses do BRIICS, projetos de educa\u00e7\u00e3o financeira nas escolas do Brasil e de Portugal, iniciativas para crian\u00e7as, jovens e adultos na Argentina, Canad\u00e1, Chile, Espanha, Portugal e Su\u00e9cia, al\u00e9m de reflex\u00f5es sobre as prioridades de pesquisa sobre o tema, na Am\u00e9rica latina e Caribe.<\/p>\n<p>Para mais informa\u00e7\u00f5es e inscri\u00e7\u00f5es, acesse o\u00a0<a href=\"http:\/\/www.iecbrazil.com.br\/\">site do evento<\/a>.<\/p>\n<h3>Local do evento<\/h3>\n<p>Windsor Atl\u00e2ntica Hotel &#8211; Av. Atl\u00e2ntica, 1020, Copacabana, Rio de Janeiro (RJ).<\/p>\n","protected":false},"excerpt":{"rendered":"<p>\u00a0Os 40 anos da Comiss\u00e3o de Valores Mobili\u00e1rios (CVM) ser\u00e3o comemorados em\u00a0semana especial de eventos relacionados \u00e0 educa\u00e7\u00e3o financeira entre os dias 5 e 9 de dezembro no Rio de Janeiro. As\u00a0inscri\u00e7\u00f5es se encerrar\u00e3o nesta sexta-feira (2\/12), \u00e0s 12 horas. Jornalistas, educadores e planejadores financeiros ser\u00e3o alguns dos palestrantes. No\u00a0dia 7, data em que se comemora o anivers\u00e1rio da autarquia, [&hellip;]<\/p>\n","protected":false},"author":27,"featured_media":0,"comment_status":"open","ping_status":"closed","sticky":false,"template":"","format":"standard","meta":{"footnotes":""},"categories":[2719],"tags":[898,215,48,4526,1807,781,4252],"class_list":["post-3760","post","type-post","status-publish","format-standard","hentry","category-servidor","tag-aniversario","tag-cvm","tag-educacao","tag-eventos","tag-financeira","tag-inscricoes","tag-programacao"],"_links":{"self":[{"href":"https:\/\/blogs.correiobraziliense.com.br\/servidor\/wp-json\/wp\/v2\/posts\/3760","targetHints":{"allow":["GET"]}}],"collection":[{"href":"https:\/\/blogs.correiobraziliense.com.br\/servidor\/wp-json\/wp\/v2\/posts"}],"about":[{"href":"https:\/\/blogs.correiobraziliense.com.br\/servidor\/wp-json\/wp\/v2\/types\/post"}],"author":[{"embeddable":true,"href":"https:\/\/blogs.correiobraziliense.com.br\/servidor\/wp-json\/wp\/v2\/users\/27"}],"replies":[{"embeddable":true,"href":"https:\/\/blogs.correiobraziliense.com.br\/servidor\/wp-json\/wp\/v2\/comments?post=3760"}],"version-history":[{"count":2,"href":"https:\/\/blogs.correiobraziliense.com.br\/servidor\/wp-json\/wp\/v2\/posts\/3760\/revisions"}],"predecessor-version":[{"id":3764,"href":"https:\/\/blogs.correiobraziliense.com.br\/servidor\/wp-json\/wp\/v2\/posts\/3760\/revisions\/3764"}],"wp:attachment":[{"href":"https:\/\/blogs.correiobraziliense.com.br\/servidor\/wp-json\/wp\/v2\/media?parent=3760"}],"wp:term":[{"taxonomy":"category","embeddable":true,"href":"https:\/\/blogs.correiobraziliense.com.br\/servidor\/wp-json\/wp\/v2\/categories?post=3760"},{"taxonomy":"post_tag","embeddable":true,"href":"https:\/\/blogs.correiobraziliense.com.br\/servidor\/wp-json\/wp\/v2\/tags?post=3760"}],"curies":[{"name":"wp","href":"https:\/\/api.w.org\/{rel}","templated":true}]}}