{"id":3758,"date":"2016-12-01T18:55:47","date_gmt":"2016-12-01T20:55:47","guid":{"rendered":"https:\/\/blogs.correiobraziliense.com.br\/servidor\/?p=3758"},"modified":"2016-12-01T19:18:39","modified_gmt":"2016-12-01T21:18:39","slug":"rachid-discute-firulas-com-entidades-sindicais","status":"publish","type":"post","link":"https:\/\/blogs.correiobraziliense.com.br\/servidor\/rachid-discute-firulas-com-entidades-sindicais\/","title":{"rendered":"Rachid discute &#8220;firulas&#8221; com entidades sindicais"},"content":{"rendered":"<p><em>\u201cN\u00e3o posso nem devo &#8216;dourar a p\u00edlula&#8217; para meu superior hier\u00e1rquico. Nunca fiz isso e jamais o farei\u201d, disse um subsecret\u00e1rio a Rachid. \u00c9 o \u00f3bvio &#8220;ululant\u00edssimo&#8221; para o (in)subordinado que, sob nenhuma hip\u00f3tese, haver\u00e1 consenso entre Sindifisco, Anfip e Sindireceita<\/em><\/p>\n<p>O secret\u00e1rio da Receita Federal, Jorge Rachid, vai sair de fininho da cena do embate na C\u00e2mara sobre o reajuste e a pauta n\u00e3o remunerat\u00f3ria dos servidores do \u00f3rg\u00e3o. Ele viaja no domingo (4) para Nova York e s\u00f3 retorna na semana que vem (11). Vai participar da 13\u00aa Sess\u00e3o do Comit\u00ea de Especialistas Tribut\u00e1rios da ONU e da Reuni\u00e3o do Comit\u00ea de Assuntos Econ\u00f4micos e Sociais das Na\u00e7\u00f5es Unidas (Ecosoc). Ontem, a portas fechadas, ele tentou, sem sucesso, um acordo entre Sindifisco (representa os auditores-fiscais da ativa), Anfip (aposentados) e Sindireceita (analistas-tribut\u00e1rios). Desgastou ainda mais a sua imagem e constatou, \u201cpela en\u00e9sima vez\u201d, ironizou um auditor, que a guerra de vaidades n\u00e3o ter\u00e1 tr\u00e9gua. Jamais.<\/p>\n<p>Ao fim da reuni\u00e3o, em nota interna, desolado, Rachid divulgou: \u201cbuscou-se converg\u00eancia em rela\u00e7\u00e3o aos dispositivos que tratam de prerrogativas. No entanto, outros t\u00f3picos foram abordados, tais como autoridade e car\u00e1ter de essencialidade e exclusividade. Ao final do encontro, n\u00e3o houve converg\u00eancia em rela\u00e7\u00e3o aos temas discutidos. No \u00e2mbito do governo, novas reuni\u00f5es ocorrer\u00e3o ao longo dos pr\u00f3ximos dias\u201d, declarou Rachid. O coment\u00e1rio rendeu um debate acirrado entre o secret\u00e1rio e um dos seus subsecret\u00e1rios.<\/p>\n<p>\u201cLamento profundamente que a estrat\u00e9gia do governo seja a de buscar, pela en\u00e9sima vez, um texto de consenso entre as entidades sindicais. Ele n\u00e3o vir\u00e1, como sabemos, sob nenhuma hip\u00f3tese, nem a longo prazo. Isso \u00e9 \u00f3bvio ululante. &#8216;Ululantissimo&#8217;, diria eu\u201d, debochou o profissional da \u00e1rea de Contencioso. \u201cSe a estrat\u00e9gia \u00e9 a de deslocar para a &#8216;aus\u00eancia de consenso&#8217; a n\u00e3o aprova\u00e7\u00e3o do texto este ano, jogando a responsabilidade &#8216;nos outros&#8217;, h\u00e1 um equ\u00edvoco prim\u00e1rio. Hoje, a responsabilidade pelo caos na RFB \u00e9 exclusiva do governo. Essa \u00e9 a opini\u00e3o un\u00e2nime de todos, eu inclu\u00eddo. Cabe ao ente denominado &#8216;governo&#8217; assumir as r\u00e9deas e resolver o problema\u201d, insistiu o auditor, na briga com Rachid.<\/p>\n<p><strong>Cacetada<\/strong><\/p>\n<p>Irritado, o subsecret\u00e1rio disse ainda: \u201cFicar discutindo firulas com as entidades sindicais nessa altura do campeonato beira o &#8216;nonsense&#8217; e busca deslocar o cerne do problema: aus\u00eancia de disposi\u00e7\u00e3o pol\u00edtica para resolver o problema. Uma l\u00e1stima! A aprova\u00e7\u00e3o dos reajustes salariais da AGU e, hoje, da PF, agrava o quadro. Quanto ao fato de os PLs serem &#8216;diferentes&#8217; do nosso, trata-se de explica\u00e7\u00e3o antiga, &#8216;surrada&#8217; &#8230; N\u00e3o consegue convencer nem minhas filhas adolescentes\u201d, refor\u00e7ou. Rachid pediu compreens\u00e3o ao subsecret\u00e1rio. Em vez disso, recebeu mais uma \u201ccacetada\u201d.<\/p>\n<p>\u201cN\u00e3o posso nem devo &#8216;dourar a p\u00edlula&#8217; para meu superior hier\u00e1rquico. Nunca fiz isso e jamais o farei\u201d, disse subordinado. \u201cAp\u00f3s sua mensagem notes (de Rachid) informando acerca da reuni\u00e3o, as redes sociais (whatsapp e facebook) explodiram com mensagens de total perplexidade, sem entender as raz\u00f5es da reuni\u00e3o, mormente diante da expectativa de algo mais concreto, como at\u00e9 a vota\u00e7\u00e3o do PL ontem no plen\u00e1rio. Pelo exposto, j\u00e1 amanhecemos hoje em situa\u00e7\u00e3o infinitamente pior que a de ontem, por total aus\u00eancia de informa\u00e7\u00f5es\u201d.<\/p>\n<p>O clima entre o secret\u00e1rio e seus subordinados, que vem se deteriorando desde o ano passado, piorou mais ainda ontem, dia em que o projeto (PL 5865\/2016) que eleva os sal\u00e1rios dos policiais federais e rodovi\u00e1rios federais saiu do Senado direto para a san\u00e7\u00e3o presidencial. No PL, sem abrir m\u00e3o do subs\u00eddio, os policiais, al\u00e9m de aumento, incorporaram um b\u00f4nus para ativos, aposentados e pensionistas. No Fisco, ao contr\u00e1rio, auditores ativos se digladiam com os aposentados. E ambos lutam contra o compartilhamento de poderes e prerrogativas com os analistas-tribut\u00e1rios.<\/p>\n<p>Depois da reuni\u00e3o de ontem, em nota interna, o presidente da Anfip, Vilson Romero, lamentou a disc\u00f3rdia: \u201cA RFB deve seguir sangrando nos corredores da C\u00e2mara e no plen\u00e1rio na pr\u00f3xima semana\u201d. A aprova\u00e7\u00e3o do PL da PF deu tamb\u00e9m mais combust\u00edvel \u00e0s contesta\u00e7\u00f5es da Frente Nacional em Defesa da Manuten\u00e7\u00e3o do Subs\u00eddio como forma de remunera\u00e7\u00e3o dos auditores-fiscais da Receita que vem alertando h\u00e1 meses que o b\u00f4nus de efici\u00eancia com recursos do Fundo de Desenvolvimento e Administra\u00e7\u00e3o da Arrecada\u00e7\u00e3o e Fiscaliza\u00e7\u00e3o (Fundaf) \u00e9 inconstitucional, pois o Fundaf tem como \u201cobjetivo fornecer recursos para reaparelhamento e reequipamento da Receita Federal, e n\u00e3o para pagamento de sal\u00e1rios\u201d.<\/p>\n<p><strong>Paz aparente<\/strong><\/p>\n<p>Mal sabem os auditores que a situa\u00e7\u00e3o come\u00e7a a ficar complicada na PF. Os administrativos do \u00f3rg\u00e3o v\u00e3o engrossar o coro dos descontentes. Est\u00e3o revoltados com a pol\u00edtica de gest\u00e3o de pessoas da dire\u00e7\u00e3o da Pol\u00edcia Federal. Ressaltam que, ontem, os policiais federais viram seus subs\u00eddios serem engordados em at\u00e9 37%. Enquanto isso, administrativos que ganham menos da metade de um agente federal receberam apenas 10,8%. De acordo com o sindicato da categoria (Sinpecpf), um administrativo entra na PF com R$ 4.509,18. Aposenta-se com R$ 5.034,01 (R$ 524,83 de diferen\u00e7a). Enquanto isso, delegados e peritos federais ter\u00e3o reajustes de at\u00e9 R$ 8.131,91 e escriv\u00e3es, papiloscopistas e agentes, de at\u00e9 R$ 4.894,86.<\/p>\n","protected":false},"excerpt":{"rendered":"<p>\u201cN\u00e3o posso nem devo &#8216;dourar a p\u00edlula&#8217; para meu superior hier\u00e1rquico. Nunca fiz isso e jamais o farei\u201d, disse um subsecret\u00e1rio a Rachid. \u00c9 o \u00f3bvio &#8220;ululant\u00edssimo&#8221; para o (in)subordinado que, sob nenhuma hip\u00f3tese, haver\u00e1 consenso entre Sindifisco, Anfip e Sindireceita O secret\u00e1rio da Receita Federal, Jorge Rachid, vai sair de fininho da cena do embate na C\u00e2mara sobre o [&hellip;]<\/p>\n","protected":false},"author":27,"featured_media":0,"comment_status":"open","ping_status":"closed","sticky":false,"template":"","format":"standard","meta":{"footnotes":""},"categories":[2719],"tags":[1055,157,771,4525,73,319,2931,294,1260,597,459,323],"class_list":["post-3758","post","type-post","status-publish","format-standard","hentry","category-servidor","tag-administrativos","tag-agu","tag-anfip","tag-consenso","tag-entidades","tag-pf","tag-rachid","tag-receita-federal","tag-sindicais","tag-sindifisco","tag-sindireceita","tag-sinpecpf"],"_links":{"self":[{"href":"https:\/\/blogs.correiobraziliense.com.br\/servidor\/wp-json\/wp\/v2\/posts\/3758","targetHints":{"allow":["GET"]}}],"collection":[{"href":"https:\/\/blogs.correiobraziliense.com.br\/servidor\/wp-json\/wp\/v2\/posts"}],"about":[{"href":"https:\/\/blogs.correiobraziliense.com.br\/servidor\/wp-json\/wp\/v2\/types\/post"}],"author":[{"embeddable":true,"href":"https:\/\/blogs.correiobraziliense.com.br\/servidor\/wp-json\/wp\/v2\/users\/27"}],"replies":[{"embeddable":true,"href":"https:\/\/blogs.correiobraziliense.com.br\/servidor\/wp-json\/wp\/v2\/comments?post=3758"}],"version-history":[{"count":2,"href":"https:\/\/blogs.correiobraziliense.com.br\/servidor\/wp-json\/wp\/v2\/posts\/3758\/revisions"}],"predecessor-version":[{"id":3763,"href":"https:\/\/blogs.correiobraziliense.com.br\/servidor\/wp-json\/wp\/v2\/posts\/3758\/revisions\/3763"}],"wp:attachment":[{"href":"https:\/\/blogs.correiobraziliense.com.br\/servidor\/wp-json\/wp\/v2\/media?parent=3758"}],"wp:term":[{"taxonomy":"category","embeddable":true,"href":"https:\/\/blogs.correiobraziliense.com.br\/servidor\/wp-json\/wp\/v2\/categories?post=3758"},{"taxonomy":"post_tag","embeddable":true,"href":"https:\/\/blogs.correiobraziliense.com.br\/servidor\/wp-json\/wp\/v2\/tags?post=3758"}],"curies":[{"name":"wp","href":"https:\/\/api.w.org\/{rel}","templated":true}]}}