{"id":3730,"date":"2016-11-30T17:05:23","date_gmt":"2016-11-30T19:05:23","guid":{"rendered":"https:\/\/blogs.correiobraziliense.com.br\/servidor\/?p=3730"},"modified":"2016-11-30T17:05:23","modified_gmt":"2016-11-30T19:05:23","slug":"tcu-debate-nesta-quinta-feira-acordos-de-leniencia-concessao-e-tecnologia","status":"publish","type":"post","link":"https:\/\/blogs.correiobraziliense.com.br\/servidor\/tcu-debate-nesta-quinta-feira-acordos-de-leniencia-concessao-e-tecnologia\/","title":{"rendered":"TCU debate nesta quinta-feira acordos de leni\u00eancia, concess\u00e3o e tecnologia"},"content":{"rendered":"<p>Com o objetivo discutir os principais desafios da \u00e1rea de infraestrutura e estreitar o relacionamento entre os entes federais, o Tribunal de Contas da Uni\u00e3o (TCU) realiza na pr\u00f3xima quinta-feira (1\u00b0), a partir das 9h30, o <strong><em>Di\u00e1logo P\u00fablico Desenvolvimento da Infraestrutura Nacional &#8211; Desafios para o Controle e para a Fiscaliza\u00e7\u00e3o<\/em>.<\/strong><\/p>\n<p>O encontro vai tratar de quatro temas: \u201cacordos de leni\u00eancia\u201d, \u201cfiscaliza\u00e7\u00e3o das Sociedades de Prop\u00f3sito Especifico (SPEs) em contratos de concess\u00e3o\u201d, \u201cinova\u00e7\u00e3o e tecnologia em prol do controle\u201d, e \u201cprorroga\u00e7\u00e3o dos contratos de concess\u00e3o e o ambiente de regula\u00e7\u00e3o\u201d. Entre os participantes, est\u00e3o representantes do Minist\u00e9rio da Transpar\u00eancia, Fiscaliza\u00e7\u00e3o e Controle, da Ag\u00eancia Nacional de Transportes Aquavi\u00e1rios (Antaq) e do Minist\u00e9rio do Planejamento, Desenvolvimento e Gest\u00e3o.<\/p>\n<p>O evento est\u00e1 alinhado com a nova metodologia de sele\u00e7\u00e3o de objetos de controle do Tribunal, onde s\u00e3o trazidas informa\u00e7\u00f5es por parte dos \u00f3rg\u00e3os executivos quanto \u00e0 atua\u00e7\u00e3o do governo e \u00e0s prioridades relacionadas com obras p\u00fablicas, regula\u00e7\u00e3o e desestatiza\u00e7\u00e3o de servi\u00e7os p\u00fablicos.<\/p>\n<p><strong>Servi\u00e7o: <\/strong>Di\u00e1logo P\u00fablico Desenvolvimento da Infraestrutura Nacional &#8211; Desafios para o Controle e para a Fiscaliza\u00e7\u00e3o<\/p>\n<p><strong>DATA: \u00a0 <\/strong>1\u00ba de dezembro (quinta-feira)\u00a0 <strong>\u00a0\u00a0\u00a0\u00a0\u00a0\u00a0\u00a0\u00a0\u00a0\u00a0\u00a0\u00a0\u00a0\u00a0\u00a0 <\/strong><\/p>\n<p><strong>HOR\u00c1RIO: <\/strong>9h30 &#8211; 12h00 e 14h00 \u00e0s 17h50<\/p>\n<p><strong>LOCAL: <\/strong>Audit\u00f3rio Ministro Pereira Lira, t\u00e9rreo do Ed. Sede<\/p>\n<p>Acesse aqui a <a href=\"http:\/\/portal.tcu.gov.br\/dialogo-publico\/\"> programa\u00e7\u00e3o do evento<\/a><\/p>\n","protected":false},"excerpt":{"rendered":"<p>Com o objetivo discutir os principais desafios da \u00e1rea de infraestrutura e estreitar o relacionamento entre os entes federais, o Tribunal de Contas da Uni\u00e3o (TCU) realiza na pr\u00f3xima quinta-feira (1\u00b0), a partir das 9h30, o Di\u00e1logo P\u00fablico Desenvolvimento da Infraestrutura Nacional &#8211; Desafios para o Controle e para a Fiscaliza\u00e7\u00e3o. O encontro vai tratar de quatro temas: \u201cacordos de [&hellip;]<\/p>\n","protected":false},"author":27,"featured_media":0,"comment_status":"open","ping_status":"closed","sticky":false,"template":"","format":"standard","meta":{"footnotes":""},"categories":[2719],"tags":[2047,3318,207,847,940,487,854,635,4504],"class_list":["post-3730","post","type-post","status-publish","format-standard","hentry","category-servidor","tag-acordos","tag-concessao","tag-controle","tag-debate","tag-fiscalizacao","tag-infraestrutura","tag-leniencia","tag-tcu","tag-tecnologia"],"_links":{"self":[{"href":"https:\/\/blogs.correiobraziliense.com.br\/servidor\/wp-json\/wp\/v2\/posts\/3730","targetHints":{"allow":["GET"]}}],"collection":[{"href":"https:\/\/blogs.correiobraziliense.com.br\/servidor\/wp-json\/wp\/v2\/posts"}],"about":[{"href":"https:\/\/blogs.correiobraziliense.com.br\/servidor\/wp-json\/wp\/v2\/types\/post"}],"author":[{"embeddable":true,"href":"https:\/\/blogs.correiobraziliense.com.br\/servidor\/wp-json\/wp\/v2\/users\/27"}],"replies":[{"embeddable":true,"href":"https:\/\/blogs.correiobraziliense.com.br\/servidor\/wp-json\/wp\/v2\/comments?post=3730"}],"version-history":[{"count":1,"href":"https:\/\/blogs.correiobraziliense.com.br\/servidor\/wp-json\/wp\/v2\/posts\/3730\/revisions"}],"predecessor-version":[{"id":3731,"href":"https:\/\/blogs.correiobraziliense.com.br\/servidor\/wp-json\/wp\/v2\/posts\/3730\/revisions\/3731"}],"wp:attachment":[{"href":"https:\/\/blogs.correiobraziliense.com.br\/servidor\/wp-json\/wp\/v2\/media?parent=3730"}],"wp:term":[{"taxonomy":"category","embeddable":true,"href":"https:\/\/blogs.correiobraziliense.com.br\/servidor\/wp-json\/wp\/v2\/categories?post=3730"},{"taxonomy":"post_tag","embeddable":true,"href":"https:\/\/blogs.correiobraziliense.com.br\/servidor\/wp-json\/wp\/v2\/tags?post=3730"}],"curies":[{"name":"wp","href":"https:\/\/api.w.org\/{rel}","templated":true}]}}