{"id":3712,"date":"2016-11-29T19:46:41","date_gmt":"2016-11-29T21:46:41","guid":{"rendered":"https:\/\/blogs.correiobraziliense.com.br\/servidor\/?p=3712"},"modified":"2016-11-29T19:46:41","modified_gmt":"2016-11-29T21:46:41","slug":"felipe-salto-e-aprovado-para-direcao-executiva-da-instituicao-fiscal-independente","status":"publish","type":"post","link":"https:\/\/blogs.correiobraziliense.com.br\/servidor\/felipe-salto-e-aprovado-para-direcao-executiva-da-instituicao-fiscal-independente\/","title":{"rendered":"Felipe Salto \u00e9 aprovado para dire\u00e7\u00e3o executiva da Institui\u00e7\u00e3o Fiscal Independente"},"content":{"rendered":"<p>A Comiss\u00e3o Diretora do Senado aprovou, por unanimidade, a indica\u00e7\u00e3o do economista Felipe Salto para diretor-executivo da Institui\u00e7\u00e3o Fiscal Independente (IFI), respons\u00e1vel pelas propostas da Agenda Brasil, para ajudar o pa\u00eds na retomada do crescimento econ\u00f4mico. Criada pela Resolu\u00e7\u00e3o 42\/2016, a IFI auxiliar\u00e1 no acompanhamento das atividades fiscais e or\u00e7ament\u00e1rias tra\u00e7ando cen\u00e1rios e antecipando poss\u00edveis problemas e solu\u00e7\u00f5es.<\/p>\n<p>Ao presidir a sabatina a Felipe Salto, o presidente do Senado, Renan Calheiros, destacou o papel da IFI como \u201cum passo significativo do ponto de vista do debate da quest\u00e3o fiscal no Brasil\u201d. Segundo Renan, a Institui\u00e7\u00e3o ter\u00e1 importante papel no constante trabalho do legislador pelo equil\u00edbrio das constas p\u00fablicas. O presidente lembrou leis, j\u00e1 em vigor no Brasil, como a Lei de Responsabilidade Fiscal e a pr\u00f3pria Constitui\u00e7\u00e3o, que estabelecem regras para o Or\u00e7amento Geral da Uni\u00e3o, para o Plano de Metas e para a Lei de Diretrizes Or\u00e7ament\u00e1rias (LDO).<\/p>\n<p>Felipe Salto disse considerar A PEC do Teto dos Gastos como fundamental, sendo &#8220;o come\u00e7o da mudan\u00e7a&#8221;.<\/p>\n<p>Para o economista, a aprova\u00e7\u00e3o da PEC vai mostrar que existe uma restri\u00e7\u00e3o or\u00e7ament\u00e1ria a ser cumprida, que os gestores n\u00e3o podem mais manter uma din\u00e2mica de gastos acelerados acima das receitas, gastando al\u00e9m da arrecada\u00e7\u00e3o, porque a consequ\u00eancia disso \u00e9 a d\u00edvida, que \u201ccusta muito caro no Brasil\u201d. A taxa real de juros, hoje, est\u00e1 em 8,5%, lembrou Salto.<\/p>\n<h3><b>Composi\u00e7\u00e3o<\/b><\/h3>\n<p>Felipe Salto far\u00e1 parte do Conselho Diretor da IFI que ainda contar\u00e1 com outros dois diretores indicados pelas comiss\u00f5es de Assuntos Econ\u00f4micos (CAE) e de Meio Ambiente, Defesa do Consumidor e Fiscaliza\u00e7\u00e3o e Controle (CMA) do Senado. O presidente do Senado, Renan Calheiros, disse que os indicados pela comiss\u00f5es ser\u00e3o conhecidos em fevereiro do ano que vem. O mandato dos tr\u00eas diretores \u00e9 de quatro anos, n\u00e3o admitida a recondu\u00e7\u00e3o.<\/p>\n<p>A instala\u00e7\u00e3o da IFI est\u00e1 prevista para as 12h desta quarta-feira (30) no Sal\u00e3o Nobre do Senado.<\/p>\n","protected":false},"excerpt":{"rendered":"<p>A Comiss\u00e3o Diretora do Senado aprovou, por unanimidade, a indica\u00e7\u00e3o do economista Felipe Salto para diretor-executivo da Institui\u00e7\u00e3o Fiscal Independente (IFI), respons\u00e1vel pelas propostas da Agenda Brasil, para ajudar o pa\u00eds na retomada do crescimento econ\u00f4mico. Criada pela Resolu\u00e7\u00e3o 42\/2016, a IFI auxiliar\u00e1 no acompanhamento das atividades fiscais e or\u00e7ament\u00e1rias tra\u00e7ando cen\u00e1rios e antecipando poss\u00edveis problemas e solu\u00e7\u00f5es. Ao presidir [&hellip;]<\/p>\n","protected":false},"author":27,"featured_media":0,"comment_status":"open","ping_status":"closed","sticky":false,"template":"","format":"standard","meta":{"footnotes":""},"categories":[2719],"tags":[1691,795,4484,2596,109,4483,4486,4485],"class_list":["post-3712","post","type-post","status-publish","format-standard","hentry","category-servidor","tag-aprovado","tag-crescimento","tag-direcao","tag-economico","tag-executiva","tag-felipe-salto","tag-ifi","tag-instituicao-fiscal-independente"],"_links":{"self":[{"href":"https:\/\/blogs.correiobraziliense.com.br\/servidor\/wp-json\/wp\/v2\/posts\/3712","targetHints":{"allow":["GET"]}}],"collection":[{"href":"https:\/\/blogs.correiobraziliense.com.br\/servidor\/wp-json\/wp\/v2\/posts"}],"about":[{"href":"https:\/\/blogs.correiobraziliense.com.br\/servidor\/wp-json\/wp\/v2\/types\/post"}],"author":[{"embeddable":true,"href":"https:\/\/blogs.correiobraziliense.com.br\/servidor\/wp-json\/wp\/v2\/users\/27"}],"replies":[{"embeddable":true,"href":"https:\/\/blogs.correiobraziliense.com.br\/servidor\/wp-json\/wp\/v2\/comments?post=3712"}],"version-history":[{"count":1,"href":"https:\/\/blogs.correiobraziliense.com.br\/servidor\/wp-json\/wp\/v2\/posts\/3712\/revisions"}],"predecessor-version":[{"id":3713,"href":"https:\/\/blogs.correiobraziliense.com.br\/servidor\/wp-json\/wp\/v2\/posts\/3712\/revisions\/3713"}],"wp:attachment":[{"href":"https:\/\/blogs.correiobraziliense.com.br\/servidor\/wp-json\/wp\/v2\/media?parent=3712"}],"wp:term":[{"taxonomy":"category","embeddable":true,"href":"https:\/\/blogs.correiobraziliense.com.br\/servidor\/wp-json\/wp\/v2\/categories?post=3712"},{"taxonomy":"post_tag","embeddable":true,"href":"https:\/\/blogs.correiobraziliense.com.br\/servidor\/wp-json\/wp\/v2\/tags?post=3712"}],"curies":[{"name":"wp","href":"https:\/\/api.w.org\/{rel}","templated":true}]}}