{"id":3710,"date":"2016-11-29T18:46:40","date_gmt":"2016-11-29T20:46:40","guid":{"rendered":"https:\/\/blogs.correiobraziliense.com.br\/servidor\/?p=3710"},"modified":"2016-11-29T18:46:40","modified_gmt":"2016-11-29T20:46:40","slug":"autoridades-da-saude-se-reunem-para-debater-inovacao-no-setor","status":"publish","type":"post","link":"https:\/\/blogs.correiobraziliense.com.br\/servidor\/autoridades-da-saude-se-reunem-para-debater-inovacao-no-setor\/","title":{"rendered":"Autoridades da Sa\u00fade se re\u00fanem para debater inova\u00e7\u00e3o no setor"},"content":{"rendered":"<div>Na quinta-feira, 1\u00ba de dezembro, o Senado Federal ser\u00e1 palco do VIII F\u00f3rum Nacional de Inova\u00e7\u00e3o Tecnol\u00f3gica em Sa\u00fade. A fim de \u00a0discutir pol\u00edticas que incentivem o desenvolvimento tecnol\u00f3gico no pa\u00eds por meio de pesquisas, nomes como de Luiz Henrique Mour\u00e3o do Minist\u00e9rio da Ci\u00eancia, Tecnologia, Inova\u00e7\u00f5es e Comunica\u00e7\u00f5es, e Fatini Santos e Marco Fireman, ambos representantes do Minist\u00e9rio da Sa\u00fade, est\u00e3o na lista de palestrantes do evento. O F\u00f3rum \u00e9 gratuito com inscri\u00e7\u00f5es pelo site\u00a0<a title=\"blocked::http:\/\/www.acaoresposavel.org.br\/\" href=\"http:\/\/www.acaoresposavel.org.br\/\" target=\"_blank\">www.acaoresposavel.org.br<\/a><span style=\"font-size: 12px\">.<\/span><\/div>\n<div><\/div>\n<div><b>Servi\u00e7o: VIII F\u00f3rum Nacional de Inova\u00e7\u00e3o Tecnol\u00f3gica em Sa\u00fade<\/b><br \/>\n<span style=\"font-size: 12px\">Local: audit\u00f3rio Ant\u00f4nio Carlos Magalh\u00e3es do Interlegis &#8211; Senado Federal (Bras\u00edlia\/DF)<\/span><br \/>\n<span style=\"font-size: 12px\">Data: 1\u00b0 de dezembro de 2016, quinta-feira, das 9 \u00e0s 14h<\/span><br \/>\nRealiza\u00e7\u00e3o: Instituto Brasileiro de A\u00e7\u00e3o Respons\u00e1vel<br \/>\n<span style=\"font-size: 12px\">Coordena\u00e7\u00e3o: Ag\u00eancia \u00cdntegra Brasil<\/span><br style=\"font-size: 12px\" \/>Patroc\u00ednio: MSD e Sanofi<br \/>\n<span style=\"font-size: 12px\">Inscri\u00e7\u00f5es gratuitas:\u00a0<\/span><a title=\"blocked::http:\/\/www.acaoresponsavel.org.br\/\" href=\"http:\/\/www.acaoresponsavel.org.br\/\" target=\"_blank\">www.acaoresponsavel.org.br<\/a><br style=\"font-size: 12px\" \/>Mais informa\u00e7\u00f5es: (61) 3368-6044 e 3468-5696<\/div>\n","protected":false},"excerpt":{"rendered":"<p>Na quinta-feira, 1\u00ba de dezembro, o Senado Federal ser\u00e1 palco do VIII F\u00f3rum Nacional de Inova\u00e7\u00e3o Tecnol\u00f3gica em Sa\u00fade. A fim de \u00a0discutir pol\u00edticas que incentivem o desenvolvimento tecnol\u00f3gico no pa\u00eds por meio de pesquisas, nomes como de Luiz Henrique Mour\u00e3o do Minist\u00e9rio da Ci\u00eancia, Tecnologia, Inova\u00e7\u00f5es e Comunica\u00e7\u00f5es, e Fatini Santos e Marco Fireman, ambos representantes do Minist\u00e9rio da [&hellip;]<\/p>\n","protected":false},"author":27,"featured_media":0,"comment_status":"open","ping_status":"closed","sticky":false,"template":"","format":"standard","meta":{"footnotes":""},"categories":[2719],"tags":[1935,794,3355,501,1357,696,4482],"class_list":["post-3710","post","type-post","status-publish","format-standard","hentry","category-servidor","tag-autoridades","tag-debater","tag-desenvolvimento","tag-forum","tag-inovacao","tag-senado","tag-tecnologico"],"_links":{"self":[{"href":"https:\/\/blogs.correiobraziliense.com.br\/servidor\/wp-json\/wp\/v2\/posts\/3710","targetHints":{"allow":["GET"]}}],"collection":[{"href":"https:\/\/blogs.correiobraziliense.com.br\/servidor\/wp-json\/wp\/v2\/posts"}],"about":[{"href":"https:\/\/blogs.correiobraziliense.com.br\/servidor\/wp-json\/wp\/v2\/types\/post"}],"author":[{"embeddable":true,"href":"https:\/\/blogs.correiobraziliense.com.br\/servidor\/wp-json\/wp\/v2\/users\/27"}],"replies":[{"embeddable":true,"href":"https:\/\/blogs.correiobraziliense.com.br\/servidor\/wp-json\/wp\/v2\/comments?post=3710"}],"version-history":[{"count":1,"href":"https:\/\/blogs.correiobraziliense.com.br\/servidor\/wp-json\/wp\/v2\/posts\/3710\/revisions"}],"predecessor-version":[{"id":3711,"href":"https:\/\/blogs.correiobraziliense.com.br\/servidor\/wp-json\/wp\/v2\/posts\/3710\/revisions\/3711"}],"wp:attachment":[{"href":"https:\/\/blogs.correiobraziliense.com.br\/servidor\/wp-json\/wp\/v2\/media?parent=3710"}],"wp:term":[{"taxonomy":"category","embeddable":true,"href":"https:\/\/blogs.correiobraziliense.com.br\/servidor\/wp-json\/wp\/v2\/categories?post=3710"},{"taxonomy":"post_tag","embeddable":true,"href":"https:\/\/blogs.correiobraziliense.com.br\/servidor\/wp-json\/wp\/v2\/tags?post=3710"}],"curies":[{"name":"wp","href":"https:\/\/api.w.org\/{rel}","templated":true}]}}