{"id":3702,"date":"2016-11-29T17:03:07","date_gmt":"2016-11-29T19:03:07","guid":{"rendered":"https:\/\/blogs.correiobraziliense.com.br\/servidor\/?p=3702"},"modified":"2016-11-29T17:03:07","modified_gmt":"2016-11-29T19:03:07","slug":"cae-aprova-reducao-no-subsidio-dos-parlamentares","status":"publish","type":"post","link":"https:\/\/blogs.correiobraziliense.com.br\/servidor\/cae-aprova-reducao-no-subsidio-dos-parlamentares\/","title":{"rendered":"CAE aprova redu\u00e7\u00e3o no subs\u00eddio dos parlamentares"},"content":{"rendered":"<p>A Comiss\u00e3o de Assuntos Econ\u00f4micos (CAE) aprovou nesta ter\u00e7a-feira (29) a redu\u00e7\u00e3o do subs\u00eddio mensal dos membros do Congresso Nacional de R$ 33.763,00 para R$ 26.723,13. O texto acolhido \u00e9 um substitutivo da senadora Regina Sousa (PT-PI) ao Projeto de Decreto Legislativo <a class=\"external-link\" href=\"http:\/\/www25.senado.leg.br\/web\/atividade\/materias\/-\/materia\/123518\">(PDS) 367\/2015<\/a>, da senadora Gleisi Hoffmann (PT-PR).<\/p>\n<p>Apresentado em 2015, o projeto, na vers\u00e3o original, corta o subs\u00eddio dos parlamentares em 10% e mant\u00e9m o valor congelado enquanto vigore qualquer impedimento \u00e0 concess\u00e3o de reajustes aos servidores p\u00fablicos.<\/p>\n<p>A relatora Regina Sousa optou, no entanto, por apresentar um substitutivo fixando o valor do subs\u00eddio em R$ 26.723,13 por prazo indeterminado.<\/p>\n<p>\u2013 Quando votamos medidas de cortes de gastos para toda a sociedade, precisamos ter a coragem para sairmos da nossa zona de conforto e para n\u00e3o ficarmos encastelados nos nossos privil\u00e9gios \u2013 argumentou a relatora.<\/p>\n<p>A aprova\u00e7\u00e3o do projeto, segundo Regina Sousa, ter\u00e1 repercuss\u00e3o em todas as Casas Legislativas do pa\u00eds, porque o subs\u00eddio dos membros do Congresso Nacional \u00e9 refer\u00eancia para a fixa\u00e7\u00e3o da remunera\u00e7\u00e3o dos deputados estaduais e distritais e dos vereadores.<\/p>\n<p>O projeto ter\u00e1 de ser votado pelo Plen\u00e1rio do Senado e, para se converter em norma, precisar\u00e1 ser aprovado tamb\u00e9m pela C\u00e2mara dos Deputados.<\/p>\n","protected":false},"excerpt":{"rendered":"<p>A Comiss\u00e3o de Assuntos Econ\u00f4micos (CAE) aprovou nesta ter\u00e7a-feira (29) a redu\u00e7\u00e3o do subs\u00eddio mensal dos membros do Congresso Nacional de R$ 33.763,00 para R$ 26.723,13. O texto acolhido \u00e9 um substitutivo da senadora Regina Sousa (PT-PI) ao Projeto de Decreto Legislativo (PDS) 367\/2015, da senadora Gleisi Hoffmann (PT-PR). Apresentado em 2015, o projeto, na vers\u00e3o original, corta o subs\u00eddio [&hellip;]<\/p>\n","protected":false},"author":27,"featured_media":0,"comment_status":"open","ping_status":"closed","sticky":false,"template":"","format":"standard","meta":{"footnotes":""},"categories":[2719],"tags":[1566,2780,100,2395,1169,268,4479,955,325,32],"class_list":["post-3702","post","type-post","status-publish","format-standard","hentry","category-servidor","tag-aprova","tag-cae","tag-congresso","tag-cortes","tag-gastos","tag-parlamentares","tag-pds-3672015","tag-privilegios","tag-reducao","tag-subsidio"],"_links":{"self":[{"href":"https:\/\/blogs.correiobraziliense.com.br\/servidor\/wp-json\/wp\/v2\/posts\/3702","targetHints":{"allow":["GET"]}}],"collection":[{"href":"https:\/\/blogs.correiobraziliense.com.br\/servidor\/wp-json\/wp\/v2\/posts"}],"about":[{"href":"https:\/\/blogs.correiobraziliense.com.br\/servidor\/wp-json\/wp\/v2\/types\/post"}],"author":[{"embeddable":true,"href":"https:\/\/blogs.correiobraziliense.com.br\/servidor\/wp-json\/wp\/v2\/users\/27"}],"replies":[{"embeddable":true,"href":"https:\/\/blogs.correiobraziliense.com.br\/servidor\/wp-json\/wp\/v2\/comments?post=3702"}],"version-history":[{"count":1,"href":"https:\/\/blogs.correiobraziliense.com.br\/servidor\/wp-json\/wp\/v2\/posts\/3702\/revisions"}],"predecessor-version":[{"id":3703,"href":"https:\/\/blogs.correiobraziliense.com.br\/servidor\/wp-json\/wp\/v2\/posts\/3702\/revisions\/3703"}],"wp:attachment":[{"href":"https:\/\/blogs.correiobraziliense.com.br\/servidor\/wp-json\/wp\/v2\/media?parent=3702"}],"wp:term":[{"taxonomy":"category","embeddable":true,"href":"https:\/\/blogs.correiobraziliense.com.br\/servidor\/wp-json\/wp\/v2\/categories?post=3702"},{"taxonomy":"post_tag","embeddable":true,"href":"https:\/\/blogs.correiobraziliense.com.br\/servidor\/wp-json\/wp\/v2\/tags?post=3702"}],"curies":[{"name":"wp","href":"https:\/\/api.w.org\/{rel}","templated":true}]}}